{"id":568,"date":"2023-02-15T19:19:00","date_gmt":"2023-02-15T18:19:00","guid":{"rendered":"https:\/\/www.gender101.eu\/en\/?p=568"},"modified":"2023-05-08T08:53:59","modified_gmt":"2023-05-08T06:53:59","slug":"gendered-language-in-malta","status":"publish","type":"post","link":"https:\/\/www.gender101.eu\/gendered-language-in-malta\/","title":{"rendered":"J\u0119zyk Gender na Malcie"},"content":{"rendered":"\r\n<figure class=\"wp-block-image size-full\"><img decoding=\"async\" loading=\"lazy\" width=\"144\" height=\"93\" class=\"wp-image-526\" src=\"https:\/\/www.gender101.eu\/wp-content\/uploads\/2023\/04\/Ico_Partners.png\" alt=\"\" \/><\/figure>\r\n\r\n\r\n\r\n\r\nJ\u0119zyk malta\u0144ski ma pewne elementy zwi\u0105zane z p\u0142ci\u0105, takie jak rzeczowniki i przymiotniki zwi\u0105zane z p\u0142ci\u0105.  W j\u0119zyku malta\u0144skim zaimki trzeciej osoby maj\u0105 p\u0142e\u0107, przy czym &#8222;hu&#8221; jest u\u017cywane w odniesieniu do os\u00f3b p\u0142ci m\u0119skiej, a &#8222;hi&#8221; w odniesieniu do os\u00f3b p\u0142ci \u017ce\u0144skiej. U\u017cycie tych zaimk\u00f3w p\u0142ciowych odzwierciedla tradycyjne oczekiwania spo\u0142eczne i normy dotycz\u0105ce p\u0142ci na Malcie.\r\n<br \/><br \/>\r\nOstatnio podj\u0119to jednak pewne wysi\u0142ki w celu promowania j\u0119zyka uwzgl\u0119dniaj\u0105cego p\u0142e\u0107 na Malcie. Obejmuje to promowanie stosowania termin\u00f3w neutralnych pod wzgl\u0119dem p\u0142ci w niekt\u00f3rych kontekstach, takich jak media i oficjalna komunikacja.  Jest to nadal trwaj\u0105cy proces, a u\u017cywanie zaimk\u00f3w p\u0142ciowych pozostaje norm\u0105 w j\u0119zyku malta\u0144skim.\r\n<br \/><br \/>\r\nNa Malcie u\u017cycie zaimk\u00f3w niebinarnych nie jest powszechnie uznawane ani szeroko stosowane. Malta nie ma prawnego uznania dla os\u00f3b niebinarnych, a u\u017cywanie zaimk\u00f3w niebinarnych nie jest jeszcze powszechne w j\u0119zyku malta\u0144skim. Jednak wraz ze wzrostem \u015bwiadomo\u015bci na temat niebinarnych to\u017csamo\u015bci p\u0142ciowych, mo\u017cliwe jest, \u017ce u\u017cycie zaimk\u00f3w niebinarnych stanie si\u0119 szerzej rozpoznawane i akceptowane na Malcie w przysz\u0142o\u015bci.\r\nWarto zauwa\u017cy\u0107, \u017ce j\u0119zyk jest dynamicznym i stale ewoluuj\u0105cym aspektem spo\u0142ecze\u0144stwa, a u\u017cycie j\u0119zyka genderowego mo\u017ce z czasem ulec zmianie wraz ze zmian\u0105 postaw spo\u0142ecznych wobec p\u0142ci i to\u017csamo\u015bci p\u0142ciowej.\r\n\r\n\r\n","protected":false},"excerpt":{"rendered":"<p>Niedawno podj\u0119to pewne wysi\u0142ki w celu promowania j\u0119zyka uwzgl\u0119dniaj\u0105cego p\u0142e\u0107 na Malcie, ale proces ten wci\u0105\u017c trwa<\/p>\n","protected":false},"author":3,"featured_media":526,"comment_status":"closed","ping_status":"closed","sticky":false,"template":"","format":"standard","meta":{"pgc_sgb_lightbox_settings":""},"categories":[24],"tags":[],"_links":{"self":[{"href":"https:\/\/www.gender101.eu\/wp-json\/wp\/v2\/posts\/568"}],"collection":[{"href":"https:\/\/www.gender101.eu\/wp-json\/wp\/v2\/posts"}],"about":[{"href":"https:\/\/www.gender101.eu\/wp-json\/wp\/v2\/types\/post"}],"author":[{"embeddable":true,"href":"https:\/\/www.gender101.eu\/wp-json\/wp\/v2\/users\/3"}],"replies":[{"embeddable":true,"href":"https:\/\/www.gender101.eu\/wp-json\/wp\/v2\/comments?post=568"}],"version-history":[{"count":9,"href":"https:\/\/www.gender101.eu\/wp-json\/wp\/v2\/posts\/568\/revisions"}],"predecessor-version":[{"id":814,"href":"https:\/\/www.gender101.eu\/wp-json\/wp\/v2\/posts\/568\/revisions\/814"}],"wp:featuredmedia":[{"embeddable":true,"href":"https:\/\/www.gender101.eu\/wp-json\/wp\/v2\/media\/526"}],"wp:attachment":[{"href":"https:\/\/www.gender101.eu\/wp-json\/wp\/v2\/media?parent=568"}],"wp:term":[{"taxonomy":"category","embeddable":true,"href":"https:\/\/www.gender101.eu\/wp-json\/wp\/v2\/categories?post=568"},{"taxonomy":"post_tag","embeddable":true,"href":"https:\/\/www.gender101.eu\/wp-json\/wp\/v2\/tags?post=568"}],"curies":[{"name":"wp","href":"https:\/\/api.w.org\/{rel}","templated":true}]}}