{"id":1745,"date":"2024-06-01T11:40:00","date_gmt":"2024-06-01T09:40:00","guid":{"rendered":"https:\/\/www.gender101.eu\/en\/?p=1745"},"modified":"2024-09-19T15:19:01","modified_gmt":"2024-09-19T13:19:01","slug":"cooperation-with-associated-partners","status":"publish","type":"post","link":"https:\/\/www.gender101.eu\/cooperation-with-associated-partners\/","title":{"rendered":"Wsp\u00f3\u0142praca z partnerami stowarzyszonymi"},"content":{"rendered":"\r\n<p>\r\n\r\nW trakcie trwania projektu Partnerzy promowali prace nad projektem oraz dyskutowali i dzielili si\u0119 wynikami z r\u00f3\u017cnymi zainteresowanymi stronami, aby zapewni\u0107 szerokie rozpowszechnianie i wspiera\u0107 dziedzictwo projektu. W\u015br\u00f3d nich s\u0105 podmioty, kt\u00f3re do\u0142\u0105czy\u0142y do projektu jako partnerzy stowarzyszeni, przyczyniaj\u0105c si\u0119 do wdro\u017cenia GENDER 101 jako eksperci konsultowani w grupach fokusowych, a tak\u017ce wsp\u00f3\u0142organizatorzy i \/ lub uczestnicy szkole\u0144 dla trener\u00f3w, kurs\u00f3w mistrzowskich i wydarze\u0144 upowszechniaj\u0105cych.<\/p>\r\n\r\n\r\n\r\n<div style=\"height:20px\" aria-hidden=\"true\" class=\"wp-block-spacer\"><\/div>\r\n\r\n<h2><strong>Partnerzy stowarzyszeni<\/strong><\/h2>\r\n\r\n<div style=\"height:20px\" aria-hidden=\"true\" class=\"wp-block-spacer\"><\/div>\r\n\r\n\r\n<h3><em><strong>Uniwersytety<\/strong><\/em><\/h3>\r\n\r\n<figure class=\"wp-block-image size-full is-resized\"><img decoding=\"async\" loading=\"lazy\" src=\"https:\/\/www.gender101.eu\/wp-content\/uploads\/2024\/09\/UNI.png\" alt=\"\" class=\"wp-image-1872\" width=\"540\" height=\"455\" srcset=\"https:\/\/www.gender101.eu\/wp-content\/uploads\/2024\/09\/UNI.png 823w, https:\/\/www.gender101.eu\/wp-content\/uploads\/2024\/09\/UNI-300x253.png 300w, https:\/\/www.gender101.eu\/wp-content\/uploads\/2024\/09\/UNI-768x648.png 768w\" sizes=\"(max-width: 540px) 100vw, 540px\" \/><\/figure>\r\n\r\n\r\n\r\n<div style=\"height:21px\" aria-hidden=\"true\" class=\"wp-block-spacer\"><\/div>\r\n\r\n\r\n<div style=\"height:20px\" aria-hidden=\"true\" class=\"wp-block-spacer\"><\/div>\r\n\r\n<strong>Collegium Balticum &#8211; Akademia Nauk Stosowanych w Szczecinie<\/strong> <a href=\"https:\/\/www.cb.szczecin.pl\/\">https:\/\/www.cb.szczecin.pl\/<\/a><br \/>\r\n\r\nOd wielu lat jest to najlepsza uczelnia w regionie, zapewniaj\u0105ca optymaln\u0105 r\u00f3wnowag\u0119 mi\u0119dzy niezb\u0119dn\u0105 teori\u0105 a praktycznymi umiej\u0119tno\u015bciami, kwalifikacjami i kompetencjami w trakcie studi\u00f3w oraz oferuj\u0105ca popularne kierunki studi\u00f3w, a tak\u017ce studia podyplomowe dla nauczycieli.\r\n<br \/>\r\n\r\n\r\n<strong>Universit\u00e0 degli Studi di Napoli Federico II, Dipartimento Scienze Politiche<\/strong> <a href=\"https:\/\/www.scienzepolitiche.unina.it\/\">https:\/\/www.scienzepolitiche.unina.it\/<\/a>\r\n<br \/>\r\n\r\nUNINA to mi\u0119dzynarodowy o\u015brodek akademicki o du\u017cym znaczeniu, oferuj\u0105cy oko\u0142o 90000 studentom szeroki zakres mo\u017cliwo\u015bci studiowania i prowadzenia bada\u0144, w tym w dziedzinie nauk spo\u0142ecznych. Wsp\u00f3\u0142praca w zakresie r\u00f3wno\u015bci p\u0142ci zosta\u0142a przeprowadzona mi\u0119dzy projektami Erasmus + GENDER 101 i DOEER (Cyfrowa i otwarta edukacja na rzecz odporno\u015bci opartej na r\u00f3wno\u015bci <a href=\"https:\/\/www.doeer.eu\/\">https:\/\/www.doeer.eu\/;<\/a> koordynowana przez Wydzia\u0142 Nauk Politycznych UNINA).<br \/>\r\n\r\n<strong>Universit\u00e0 degli Studi della Tuscia<\/strong> <a href=\"https:\/\/www.unitus.it\/en\/departments\/disucom\/\">https:\/\/www.unitus.it\/en\/departments\/disucom\/<\/a><br \/>\r\nUniversity of Tuscia zajmuje pierwsze miejsce w\u015br\u00f3d w\u0142oskich uniwersytet\u00f3w z mniej ni\u017c 10 000 student\u00f3w, a cztery z sze\u015bciu jego wydzia\u0142\u00f3w nale\u017c\u0105 do najlepszych.<br \/>\r\n\r\n<div style=\"height:20px\" aria-hidden=\"true\" class=\"wp-block-spacer\"><\/div>\r\n\r\n<h3><em><strong>Szko\u0142y<\/strong><\/em><\/h3>\r\n\r\n<figure class=\"wp-block-image size-full is-resized\"><img decoding=\"async\" loading=\"lazy\" src=\"https:\/\/www.gender101.eu\/wp-content\/uploads\/2024\/09\/SCUOLE.png\" alt=\"\" class=\"wp-image-1873\" width=\"530\" height=\"470\" srcset=\"https:\/\/www.gender101.eu\/wp-content\/uploads\/2024\/09\/SCUOLE.png 568w, https:\/\/www.gender101.eu\/wp-content\/uploads\/2024\/09\/SCUOLE-300x266.png 300w\" sizes=\"(max-width: 530px) 100vw, 530px\" \/><\/figure>\r\n\r\n\r\n<strong>Centrum Kompetencji Edukacyjnych w Szawlach<\/strong> <a href=\"https:\/\/www.svcentras.lt\/\">https:\/\/www.svcentras.lt\/<\/a><br \/>\r\n\r\nCentrum maj\u0105ce na celu stworzenie pedagogom i innym specjalistom warunk\u00f3w do uczenia si\u0119 przez ca\u0142e \u017cycie, zaspokajania ich potrzeb poznawczych i podnoszenia nabytych kwalifikacji.<br \/>\r\n\r\n<strong>Specjalny O\u015brodek Szkolno-Wychowawczy im.<\/strong> <strong>Kawaler\u00f3w Orderu U\u015bmiechu- Szko\u0142a specjalna, Dzia\u0142oszyn<\/strong> <a href=\"http:\/\/sosw-dzialoszyn.cba.pl\/\">http:\/\/sosw-dzialoszyn.cba.pl\/<\/a><br \/>\r\n\r\nSpecjalny O\u015brodek Szkolno-Wychowawczy w Dzia\u0142oszynie posiada wieloletni\u0105 tradycj\u0119 kszta\u0142cenia uczni\u00f3w ze specjalnymi potrzebami edukacyjnymi, przy wsparciu do\u015bwiadczenia wykwalifikowanej kadry<strong>,<\/strong> m.in. oligofrenopedagog\u00f3w, terapeut\u00f3w integracji sensorycznej, bilateralnych, biofeedback, indywidualnej stymulacji s\u0142uchowej Johansena IAS, logoped\u00f3w, hipoterapeuty, tyflopedagoga, fizjoterapeuty.<br \/>\r\n\r\n<strong>Istituto Comprensivo Statale Russo-Montale <\/strong><a href=\"https:\/\/www.comprensivorussomontale.edu.it\">https:\/\/www.comprensivorussomontale.edu.it<\/a><br \/>\r\n\r\nIstituto Comprensivo Statale Russo-Montale w Neapolu to publiczna instytucja edukacyjna, kt\u00f3ra oferuje kompleksow\u0105 edukacj\u0119 od przedszkola do szko\u0142y \u015bredniej.\r\n\r\n<div style=\"height:20px\" aria-hidden=\"true\" class=\"wp-block-spacer\"><\/div>\r\n\r\n<h3><em><strong>Organizacje pozarz\u0105dowe\/stowarzyszenia<\/strong><\/em><\/h3>\r\n\r\n\r\n<figure class=\"wp-block-image size-large is-resized\"><img decoding=\"async\" loading=\"lazy\" src=\"https:\/\/www.gender101.eu\/wp-content\/uploads\/2024\/09\/ONG-1024x951.png\" alt=\"\" class=\"wp-image-1874\" width=\"615\" height=\"571\" srcset=\"https:\/\/www.gender101.eu\/wp-content\/uploads\/2024\/09\/ONG-1024x951.png 1024w, https:\/\/www.gender101.eu\/wp-content\/uploads\/2024\/09\/ONG-300x279.png 300w, https:\/\/www.gender101.eu\/wp-content\/uploads\/2024\/09\/ONG-768x713.png 768w, https:\/\/www.gender101.eu\/wp-content\/uploads\/2024\/09\/ONG.png 1342w\" sizes=\"(max-width: 615px) 100vw, 615px\" \/><\/figure>\r\n\r\n\r\n<strong>V\u0161\u012e Socialini\u0173 inovacij\u0173 centras<\/strong> <a href=\"https:\/\/www.socin.lt\/en\">https:\/\/www.socin.lt\/en<\/a><br \/>\r\n\r\nOrganizacja pozarz\u0105dowa Centrum Innowacji Spo\u0142ecznych (V\u0161\u012e Socialini\u0173 inovacij\u0173 centras, lit.) zosta\u0142a za\u0142o\u017cona w 2008 roku w celu promowania, tworzenia, rozwijania i wdra\u017cania innowacyjnych inicjatyw spo\u0142ecznych oraz zaspokajania interes\u00f3w tych grup spo\u0142ecznych, kt\u00f3re maj\u0105 mniejsze mo\u017cliwo\u015bci, a jako organizacja o takim profilu ro\u015bnie, rozwija si\u0119 i staje si\u0119 liderem w regionie.<br \/>\r\n\r\n<strong>\u017diedin\u0117s ekonomikos studija <\/strong><a href=\"https:\/\/rekvizitai.vz.lt\/\">https:\/\/rekvizitai.vz.lt\/<\/a><br \/>\r\n\r\nKatalog litewskich organizacji, dostarczaj\u0105cy informacji na temat podmiot\u00f3w i us\u0142ug \u015bwiadczonych we wszystkich kategoriach, w tym organizacji publicznych, instytucji edukacyjnych i organizacji pozarz\u0105dowych.<br \/>\r\n\r\n<strong>Zdrowy Kszta\u0142t \u017bycia Magdalena Kotowicz Kilian Ewelina Mazurkiewicz Sp\u00f3\u0142ka Cywilna<\/strong> <a href=\"https:\/\/www.zdrowyksztalt.pl\/\">https:\/\/www.zdrowyksztalt.pl\/<\/a><br \/>\r\n\r\nZdrowy Kszta\u0142t S.C. jest organizacj\u0105 o charakterze wiedzowo-zdrowotnym, kt\u00f3rej nadrz\u0119dn\u0105 misj\u0105 jest realizacja dzia\u0142a\u0144 edukacyjnych i psychoterapeutycznych zwi\u0105zanych z zaburzeniami stresowymi, l\u0119kowymi, depresyjnymi oraz zaburzeniami osobowo\u015bci i uzale\u017cnieniami. Zesp\u00f3\u0142 pomaga r\u00f3wnie\u017c osobom z niepe\u0142nosprawno\u015bci\u0105 psychiczn\u0105 i intelektualn\u0105 w pokonywaniu wszelkich napotykanych barier, promuj\u0105c medycyn\u0119 stylu \u017cycia i uwa\u017cno\u015b\u0107.<br \/>\r\n\r\n<strong>Croce Rossa Italiana (W\u0142oski Czerwony Krzy\u017c),<\/strong> jednostka Portici <a href=\"https:\/\/www.facebook.com\/crocerossaportici\/\">https:\/\/www.facebook.com\/crocerossaportici\/<\/a><br \/>\r\n\r\nW\u0142oskie Stowarzyszenie Czerwonego Krzy\u017ca &#8211; jako cz\u0119\u015b\u0107 Mi\u0119dzynarodowego Ruchu Czerwonego Krzy\u017ca i pod patronatem Prezydenta Republiki W\u0142oskiej, jest dobrowoln\u0105 organizacj\u0105 zapewniaj\u0105c\u0105 pomoc spo\u0142eczn\u0105 zar\u00f3wno w czasach pokoju, jak i konfliktu.<br \/>\r\n\r\n<strong>Associazione KIRGHISIA<\/strong> <a href=\"http:\/\/www.kirghisia.com\/\">http:\/\/www.kirghisia.com\/<\/a><br \/>\r\n\r\nStowarzyszenie Kirghisia d\u0105\u017cy do solidarno\u015bci obywatelskiej i cel\u00f3w spo\u0142ecznie u\u017cytecznych poprzez edukacj\u0119 i szkolenia, a tak\u017ce badania naukowe o szczeg\u00f3lnym znaczeniu spo\u0142ecznym.<br \/>\r\n\r\n<strong>Opinio Juris Aps<\/strong> <a href=\"http:\/\/www.opiniojuris.it\/\">http:\/\/www.opiniojuris.it\/<\/a><br \/>\r\n\r\nOpinio Juris ma na celu promocj\u0119 spo\u0142eczn\u0105 i badania naukowe o szczeg\u00f3lnym znaczeniu spo\u0142ecznym, rozpowszechnianie informacji i dog\u0142\u0119bne badanie bie\u017c\u0105cych kwestii politycznych i prawnych.<br \/>\r\n\r\n<strong>Associazione C.A.R.A.C.A.S.<\/strong> <a href=\"https:\/\/www.facebook.com\/PERCORSICARACAS\/?locale=it_IT\">https:\/\/www.facebook.com\/PERCORSICARACAS\/?locale=it_IT<\/a><br \/>\r\n\r\nStowarzyszenie Caracas dzia\u0142a w sferze wolontariatu i integracji, szczeg\u00f3lnie blisko \u015bwiata fizycznego i spo\u0142ecznego \u201edyskomfortu\u201d.","protected":false},"excerpt":{"rendered":"<p>W trakcie trwania projektu Partnerzy promowali prace nad projektem oraz dyskutowali i dzielili si\u0119 wynikami z r\u00f3\u017cnymi zainteresowanymi stronami, aby zapewni\u0107 szerokie rozpowszechnianie i wspiera\u0107 dziedzictwo projektu.<\/p>\n","protected":false},"author":3,"featured_media":1870,"comment_status":"closed","ping_status":"closed","sticky":false,"template":"","format":"standard","meta":{"pgc_sgb_lightbox_settings":""},"categories":[24],"tags":[],"_links":{"self":[{"href":"https:\/\/www.gender101.eu\/wp-json\/wp\/v2\/posts\/1745"}],"collection":[{"href":"https:\/\/www.gender101.eu\/wp-json\/wp\/v2\/posts"}],"about":[{"href":"https:\/\/www.gender101.eu\/wp-json\/wp\/v2\/types\/post"}],"author":[{"embeddable":true,"href":"https:\/\/www.gender101.eu\/wp-json\/wp\/v2\/users\/3"}],"replies":[{"embeddable":true,"href":"https:\/\/www.gender101.eu\/wp-json\/wp\/v2\/comments?post=1745"}],"version-history":[{"count":15,"href":"https:\/\/www.gender101.eu\/wp-json\/wp\/v2\/posts\/1745\/revisions"}],"predecessor-version":[{"id":1875,"href":"https:\/\/www.gender101.eu\/wp-json\/wp\/v2\/posts\/1745\/revisions\/1875"}],"wp:featuredmedia":[{"embeddable":true,"href":"https:\/\/www.gender101.eu\/wp-json\/wp\/v2\/media\/1870"}],"wp:attachment":[{"href":"https:\/\/www.gender101.eu\/wp-json\/wp\/v2\/media?parent=1745"}],"wp:term":[{"taxonomy":"category","embeddable":true,"href":"https:\/\/www.gender101.eu\/wp-json\/wp\/v2\/categories?post=1745"},{"taxonomy":"post_tag","embeddable":true,"href":"https:\/\/www.gender101.eu\/wp-json\/wp\/v2\/tags?post=1745"}],"curies":[{"name":"wp","href":"https:\/\/api.w.org\/{rel}","templated":true}]}}