{"id":1296,"date":"2024-04-15T21:14:25","date_gmt":"2024-04-15T19:14:25","guid":{"rendered":"https:\/\/www.gender101.eu\/en\/?p=1296"},"modified":"2024-04-22T09:47:38","modified_gmt":"2024-04-22T07:47:38","slug":"how-is-discrimination-related-to-the-culture-we-live-in-how-not-to-fall-into-the-spectre-of-discrimination-in-certain-situations","status":"publish","type":"post","link":"https:\/\/www.gender101.eu\/how-is-discrimination-related-to-the-culture-we-live-in-how-not-to-fall-into-the-spectre-of-discrimination-in-certain-situations\/","title":{"rendered":"Zwi\u0105zek dyskryminacji z kultur\u0105 i zapobieganie jej"},"content":{"rendered":"<figure class=\"wp-block-image size-large\"><img decoding=\"async\" class=\"wp-image-1412\" src=\"https:\/\/www.gender101.eu\/wp-content\/uploads\/2024\/04\/16-Linking-Discrimination-to-Culture-and-Avoiding-It-scaled-e1713769683558-1024x602.jpg\" alt=\"\" \/><\/figure>\n<p>&nbsp;<\/p>\n<p>Jak dyskryminacja wi\u0105\u017ce si\u0119 z kultur\u0105, w kt\u00f3rej \u017cyjemy?<br \/>\nJak nie wpa\u015b\u0107 w widmo dyskryminacji w pewnych sytuacjach? Dyskryminacja jest g\u0142\u0119boko zakorzeniona w spo\u0142ecze\u0144stwie i mo\u017ce opiera\u0107 si\u0119 na wielu r\u00f3\u017cnych cechach. Przejawia si\u0119 w codziennym \u017cyciu, w indywidualnym postrzeganiu kultury i zwyczaj\u00f3w, w strukturach spo\u0142ecznych i gospodarczych, w edukacji i zatrudnieniu oraz w dost\u0119pie do us\u0142ug, mo\u017cliwo\u015bci, zasob\u00f3w i rynku. Uprzedzenia i stereotypy s\u0105 zwi\u0105zane z procesem kszta\u0142towania to\u017csamo\u015bci osobistej i s\u0105 powi\u0105zane z to\u017csamo\u015bci\u0105 spo\u0142eczn\u0105, kt\u00f3ra kszta\u0142tuje si\u0119 w procesie socjalizacji. Dyskryminacja ze wzgl\u0119du na p\u0142e\u0107 polega na traktowaniu kogo\u015b w niekorzystny spos\u00f3b ze wzgl\u0119du na p\u0142e\u0107, w tym orientacj\u0119 seksualn\u0105, to\u017csamo\u015b\u0107 p\u0142ciow\u0105 lub ci\u0105\u017c\u0119. Natura uprzedze\u0144 i stereotyp\u00f3w jest zatem powi\u0105zana ze \u015bcie\u017ckami, kt\u00f3re jednostka obiera w swoim \u017cyciu, procesami funkcjonowania umys\u0142u, strukturami osobowo\u015bci i indywidualnymi motywacjami, kt\u00f3re kieruj\u0105 jej dzia\u0142aniami.<br \/>\nZ socjologicznego punktu widzenia uprzedzenia i stereotypy s\u0105 powi\u0105zane z to\u017csamo\u015bci\u0105 spo\u0142eczn\u0105, kt\u00f3ra kszta\u0142tuje si\u0119 w trakcie procesu socjalizacji.<br \/>\nWa\u017cne jest, aby zdawa\u0107 sobie spraw\u0119 z osobistych uprzedze\u0144, a tak\u017ce sytuacji lub kontekst\u00f3w, w kt\u00f3rych do\u015bwiadczenie uprzedze\u0144 pomaga zmniejszy\u0107 uprzedzenia kulturowe.<br \/>\nWa\u017cne jest, aby pami\u0119ta\u0107, \u017ce uprzedzenia nie s\u0105 trwa\u0142e i mo\u017cna je kszta\u0142towa\u0107 i zmienia\u0107, aby ograniczy\u0107 ich wp\u0142yw na nasze my\u015bli i zachowania. Opr\u00f3cz samo\u015bwiadomo\u015bci, okazywanie empatii (rozumienie i dzielenie si\u0119 uczuciami innej osoby) i przyjmowanie relatywistycznej perspektywy kulturowej jest kolejnym sposobem na zmniejszenie uprzedze\u0144 ze wzgl\u0119du na p\u0142e\u0107. Kwestionowanie i korygowanie stereotyp\u00f3w zwi\u0105zanych z p\u0142ci\u0105 w codziennych czynno\u015bciach to kolejny spos\u00f3b, w jaki mo\u017cemy zmniejszy\u0107 uprzedzenia ze wzgl\u0119du na p\u0142e\u0107 jako jednostki.<br \/>\nAktywne promowanie r\u00f3\u017cnorodno\u015bci i inkluzywno\u015bci w miejscu pracy i spo\u0142eczno\u015bci mo\u017ce polega\u0107 na wdra\u017caniu neutralnych pod wzgl\u0119dem p\u0142ci proces\u00f3w rekrutacyjnych, a tak\u017ce promowaniu kultury merytokracji.<br \/>\nBrak dyskryminacji ze wzgl\u0119du na p\u0142e\u0107 jest nie tylko przejawem podstawowego prawa cz\u0142owieka, takiego jak r\u00f3wno\u015b\u0107, ale tak\u017ce niezb\u0119dnym fundamentem pokojowej, dostatniej i zr\u00f3wnowa\u017conej przysz\u0142o\u015bci. Wyeliminowanie kwestii p\u0142ci oznacza \u015bwiat, w kt\u00f3rym wszyscy ludzie ciesz\u0105 si\u0119 r\u00f3wnymi prawami, zasobami, mo\u017cliwo\u015bciami i ochron\u0105.<\/p>\n","protected":false},"excerpt":{"rendered":"<p>&nbsp; Jak dyskryminacja wi\u0105\u017ce si\u0119 z kultur\u0105, w kt\u00f3rej \u017cyjemy? Jak nie wpa\u015b\u0107 w widmo dyskryminacji w pewnych sytuacjach? Dyskryminacja jest g\u0142\u0119boko zakorzeniona w spo\u0142ecze\u0144stwie i mo\u017ce opiera\u0107 si\u0119 na wielu r\u00f3\u017cnych cechach. Przejawia si\u0119 w codziennym \u017cyciu, w indywidualnym postrzeganiu kultury i zwyczaj\u00f3w, w strukturach spo\u0142ecznych i gospodarczych, w edukacji i zatrudnieniu oraz w [&hellip;]<\/p>\n","protected":false},"author":3,"featured_media":1412,"comment_status":"closed","ping_status":"closed","sticky":false,"template":"","format":"standard","meta":{"pgc_sgb_lightbox_settings":""},"categories":[24],"tags":[],"_links":{"self":[{"href":"https:\/\/www.gender101.eu\/wp-json\/wp\/v2\/posts\/1296"}],"collection":[{"href":"https:\/\/www.gender101.eu\/wp-json\/wp\/v2\/posts"}],"about":[{"href":"https:\/\/www.gender101.eu\/wp-json\/wp\/v2\/types\/post"}],"author":[{"embeddable":true,"href":"https:\/\/www.gender101.eu\/wp-json\/wp\/v2\/users\/3"}],"replies":[{"embeddable":true,"href":"https:\/\/www.gender101.eu\/wp-json\/wp\/v2\/comments?post=1296"}],"version-history":[{"count":7,"href":"https:\/\/www.gender101.eu\/wp-json\/wp\/v2\/posts\/1296\/revisions"}],"predecessor-version":[{"id":1462,"href":"https:\/\/www.gender101.eu\/wp-json\/wp\/v2\/posts\/1296\/revisions\/1462"}],"wp:featuredmedia":[{"embeddable":true,"href":"https:\/\/www.gender101.eu\/wp-json\/wp\/v2\/media\/1412"}],"wp:attachment":[{"href":"https:\/\/www.gender101.eu\/wp-json\/wp\/v2\/media?parent=1296"}],"wp:term":[{"taxonomy":"category","embeddable":true,"href":"https:\/\/www.gender101.eu\/wp-json\/wp\/v2\/categories?post=1296"},{"taxonomy":"post_tag","embeddable":true,"href":"https:\/\/www.gender101.eu\/wp-json\/wp\/v2\/tags?post=1296"}],"curies":[{"name":"wp","href":"https:\/\/api.w.org\/{rel}","templated":true}]}}