{"id":1241,"date":"2024-04-02T12:20:38","date_gmt":"2024-04-02T10:20:38","guid":{"rendered":"https:\/\/www.gender101.eu\/copy-save-the-date-diversita-di-genere\/"},"modified":"2024-04-02T12:31:06","modified_gmt":"2024-04-02T10:31:06","slug":"and-what-about-us","status":"publish","type":"post","link":"https:\/\/www.gender101.eu\/and-what-about-us\/","title":{"rendered":"Co z nami?"},"content":{"rendered":"<div class=\"wp-block-spacer\" style=\"height: 23px;\" aria-hidden=\"true\">&nbsp;<\/div>\r\n<!-- \/wp:spacer -->\r\n\r\n<!-- wp:image {\"id\":1244,\"sizeSlug\":\"full\",\"linkDestination\":\"none\"} -->\r\n<figure class=\"wp-block-image size-full\"><img decoding=\"async\" loading=\"lazy\" width=\"780\" height=\"780\" class=\"wp-image-1244\" src=\"https:\/\/www.gender101.eu\/wp-content\/uploads\/2024\/04\/Gender-101-Conference-Malta.png\" alt=\"\" srcset=\"https:\/\/www.gender101.eu\/wp-content\/uploads\/2024\/04\/Gender-101-Conference-Malta.png 780w, https:\/\/www.gender101.eu\/wp-content\/uploads\/2024\/04\/Gender-101-Conference-Malta-300x300.png 300w, https:\/\/www.gender101.eu\/wp-content\/uploads\/2024\/04\/Gender-101-Conference-Malta-150x150.png 150w, https:\/\/www.gender101.eu\/wp-content\/uploads\/2024\/04\/Gender-101-Conference-Malta-768x768.png 768w\" sizes=\"(max-width: 780px) 100vw, 780px\" \/><\/figure>\r\n<!-- \/wp:image -->\r\n\r\n<!-- wp:spacer {\"height\":\"27px\"} -->\r\n<div class=\"wp-block-spacer\" style=\"height: 27px;\" aria-hidden=\"true\">&nbsp;<\/div>\r\n<!-- \/wp:spacer -->\r\n\r\n<!-- wp:heading {\"level\":1} -->\r\n<h1>Co z nami?<\/h1>\r\n<!-- \/wp:heading -->\r\n\r\n<!-- wp:heading -->\r\n<h2>Rodzice i edukatorzy os\u00f3b zr\u00f3\u017cnicowanych p\u0142ciowo<\/h2>\r\n<!-- \/wp:heading -->\r\n\r\n<!-- wp:heading -->\r\n<h2>14 maja 2024 r. od 08:45 do 13:00 w Peace Band Club, Naxxar, Malta<\/h2>\r\n<!-- \/wp:heading -->\r\n\r\n<!-- wp:paragraph -->\r\n\r\n<!-- \/wp:paragraph -->\r\n\r\n<!-- wp:paragraph -->\r\n\r\n<a href=\"https:\/\/willingness.com.mt\/and-what-about-us\/?fbclid=IwAR3z9mCQ5E3WDZg9DGhQUnz6ETByLZS0e0wtO39Nd1q2gpxPuwc3_cBkYPs_aem_Aeq7RB74NS4ePWj75WoQRdqafq6pSiNytZ_XlmMXG-pyhk-IhD9ioPVP-8RNUGt8qhD8d7TqunTUdNDVj6arycbQ\"><strong>Informacje i rejestracja<\/strong><\/a>\r\n\r\n<!-- \/wp:paragraph -->\r\n\r\n<!-- wp:spacer {\"height\":\"6px\"} -->\r\n<div class=\"wp-block-spacer\" style=\"height: 6px;\" aria-hidden=\"true\">&nbsp;<\/div>\r\n<!-- \/wp:spacer -->\r\n\r\n<!-- wp:paragraph -->\r\n\r\n<strong>&#8221; Co z nami? Konferencja dla rodzic\u00f3w i edukator\u00f3w os\u00f3b zr\u00f3\u017cnicowanych p\u0142ciowo&#8221;<\/strong>&nbsp; ma na celu pog\u0142\u0119bienie zrozumienia r\u00f3\u017cnorodno\u015bci p\u0142ciowej w\u015br\u00f3d dzieci. Ponadto wyposa\u017cy uczestnik\u00f3w w cenne spostrze\u017cenia i zasoby. Wydarzenie to, b\u0119d\u0105ce zwie\u0144czeniem projektu Gender 101 Erasmus+, b\u0119dzie wype\u0142nione spostrze\u017ceniami opartymi na dowodach, praktycznymi narz\u0119dziami i bezcennymi zasobami.\r\n\r\n<!-- \/wp:paragraph -->\r\n\r\n<!-- wp:paragraph -->\r\n\r\n<a href=\"https:\/\/www.gender101.eu\/en\/\">Projekt Gender 101 Erasmus+<\/a>&nbsp; jest liderem w promowaniu inkluzywno\u015bci i zrozumienia w \u015brodowiskach edukacyjnych. Poprzez t\u0119 konferencj\u0119 chcemy pog\u0142\u0119bi\u0107 zrozumienie r\u00f3\u017cnorodno\u015bci p\u0142ci w\u015br\u00f3d dzieci. Wyposa\u017ca r\u00f3wnie\u017c w wiedz\u0119 i narz\u0119dzia do wspierania dzieci w odkrywaniu ich to\u017csamo\u015bci p\u0142ciowej.\r\n\r\n<!-- \/wp:paragraph -->\r\n\r\n<!-- wp:paragraph -->\r\n\r\nNajwa\u017cniejsze punkty konferencji obejmuj\u0105:\r\n\r\n<!-- \/wp:paragraph -->\r\n\r\n<!-- wp:list {\"ordered\":true} -->\r\n<ol>\r\n \t<li style=\"list-style-type: none;\">\r\n<ol><!-- wp:list-item -->\r\n \t<li>Dog\u0142\u0119bna analiza zjawiska r\u00f3\u017cnorodno\u015bci p\u0142ciowej w\u015br\u00f3d dzieci.<\/li>\r\n<\/ol>\r\n<\/li>\r\n<\/ol>\r\n<!-- \/wp:list-item -->\r\n\r\n<!-- wp:list-item -->\r\n<ol>\r\n \t<li style=\"list-style-type: none;\">\r\n<ol>\r\n \t<li>Oparte na dowodach spostrze\u017cenia dotycz\u0105ce wspierania dzieci w poruszaniu si\u0119 po ich to\u017csamo\u015bci p\u0142ciowej..<\/li>\r\n<\/ol>\r\n<\/li>\r\n<\/ol>\r\n<!-- \/wp:list-item -->\r\n\r\n<!-- wp:list-item -->\r\n<ol>\r\n \t<li style=\"list-style-type: none;\">\r\n<ol>\r\n \t<li>Prezentacja narz\u0119dzi cyfrowych i zasob\u00f3w opracowanych w ramach projektu Gender 101 Erasmus +t.<\/li>\r\n<\/ol>\r\n<\/li>\r\n<\/ol>\r\n<!-- \/wp:list-item -->\r\n\r\n<!-- wp:list-item -->\r\n<ol>\r\n \t<li style=\"list-style-type: none;\">\r\n<ol>\r\n \t<li>\u015awiatowe organizacje dziel\u0105 si\u0119 przydatnymi poradami i wskaz\u00f3wkami..<\/li>\r\n<\/ol>\r\n<\/li>\r\n<\/ol>\r\n<!-- \/wp:list-item -->\r\n\r\n<!-- wp:list-item -->\r\n<ol>\r\n \t<li style=\"list-style-type: none;\">\r\n<ol>\r\n \t<li>Specjalny panel dyskusyjny&nbsp; zapewniaj\u0105cy wyczerpuj\u0105ce odpowiedzi na wszystkie pytania.<\/li>\r\n<\/ol>\r\n<\/li>\r\n<\/ol>","protected":false},"excerpt":{"rendered":"<p>Konferencja &#8222;A Co z nami? Rodzice i edukatorzy os\u00f3b zr\u00f3\u017cnicowanych p\u0142ciowo&#8221; ma na celu pog\u0142\u0119bienie zrozumienia r\u00f3\u017cnorodno\u015bci p\u0142ciowej w\u015br\u00f3d dzieci.<\/p>\n","protected":false},"author":3,"featured_media":1245,"comment_status":"closed","ping_status":"closed","sticky":false,"template":"","format":"standard","meta":{"pgc_sgb_lightbox_settings":""},"categories":[24],"tags":[],"_links":{"self":[{"href":"https:\/\/www.gender101.eu\/wp-json\/wp\/v2\/posts\/1241"}],"collection":[{"href":"https:\/\/www.gender101.eu\/wp-json\/wp\/v2\/posts"}],"about":[{"href":"https:\/\/www.gender101.eu\/wp-json\/wp\/v2\/types\/post"}],"author":[{"embeddable":true,"href":"https:\/\/www.gender101.eu\/wp-json\/wp\/v2\/users\/3"}],"replies":[{"embeddable":true,"href":"https:\/\/www.gender101.eu\/wp-json\/wp\/v2\/comments?post=1241"}],"version-history":[{"count":2,"href":"https:\/\/www.gender101.eu\/wp-json\/wp\/v2\/posts\/1241\/revisions"}],"predecessor-version":[{"id":1246,"href":"https:\/\/www.gender101.eu\/wp-json\/wp\/v2\/posts\/1241\/revisions\/1246"}],"wp:featuredmedia":[{"embeddable":true,"href":"https:\/\/www.gender101.eu\/wp-json\/wp\/v2\/media\/1245"}],"wp:attachment":[{"href":"https:\/\/www.gender101.eu\/wp-json\/wp\/v2\/media?parent=1241"}],"wp:term":[{"taxonomy":"category","embeddable":true,"href":"https:\/\/www.gender101.eu\/wp-json\/wp\/v2\/categories?post=1241"},{"taxonomy":"post_tag","embeddable":true,"href":"https:\/\/www.gender101.eu\/wp-json\/wp\/v2\/tags?post=1241"}],"curies":[{"name":"wp","href":"https:\/\/api.w.org\/{rel}","templated":true}]}}