{"id":1195,"date":"2024-03-25T14:48:51","date_gmt":"2024-03-25T13:48:51","guid":{"rendered":"https:\/\/www.gender101.eu\/en\/?p=1195"},"modified":"2024-03-25T21:56:11","modified_gmt":"2024-03-25T20:56:11","slug":"save-the-date-diversita-di-genere","status":"publish","type":"post","link":"https:\/\/www.gender101.eu\/save-the-date-diversita-di-genere\/","title":{"rendered":"ZAPAMIETAJ SOBIE T\u0118 DAT\u0118: R\u00f3\u017cnorodno\u015b\u0107 p\u0142ci?"},"content":{"rendered":"<figure class=\"wp-block-image size-full is-resized\"><img decoding=\"async\" loading=\"lazy\" class=\"wp-image-1196\" src=\"https:\/\/www.gender101.eu\/wp-content\/uploads\/2024\/03\/SAVETHEDATE_UNINA.png\" alt=\"\" width=\"749\" height=\"690\" srcset=\"https:\/\/www.gender101.eu\/wp-content\/uploads\/2024\/03\/SAVETHEDATE_UNINA.png 713w, https:\/\/www.gender101.eu\/wp-content\/uploads\/2024\/03\/SAVETHEDATE_UNINA-300x276.png 300w\" sizes=\"(max-width: 749px) 100vw, 749px\" \/><\/figure>\r\n<!-- \/wp:image -->\r\n\r\n<!-- wp:spacer {\"height\":\"27px\"} -->\r\n<div class=\"wp-block-spacer\" style=\"height: 27px;\" aria-hidden=\"true\">&nbsp;<\/div>\r\n<!-- \/wp:spacer -->\r\n\r\n<!-- wp:heading {\"level\":1} -->\r\n<h1>R\u00f3\u017cnorodno\u015b\u0107 p\u0142ci?<\/h1>\r\n<!-- \/wp:heading -->\r\n\r\n<!-- wp:heading -->\r\n<h2>(dla trener\u00f3w i rodzic\u00f3w)<\/h2>\r\n<!-- \/wp:heading -->\r\n\r\n<!-- wp:heading -->\r\n<h2>19 kwietnia 2024 r., Neapol &#8211; 17:00-19:00<\/h2>\r\n<!-- \/wp:heading -->\r\n\r\n<!-- wp:spacer {\"height\":\"6px\"} -->\r\n<div class=\"wp-block-spacer\" style=\"height: 6px;\" aria-hidden=\"true\">&nbsp;<\/div>\r\n<!-- \/wp:spacer -->\r\n\r\n<!-- wp:paragraph -->\r\n\r\nUNIWERSYTET W NEAPOLU FEDERICO II\r\nWydzia\u0142 Nauk Politycznych\r\nVia Leopoldo Rodin\u00f2 22 &#8211; Aula 7 D&#8217;Aponte\r\n\r\n<!-- \/wp:paragraph -->\r\n\r\n<!-- wp:spacer {\"height\":\"31px\"} -->\r\n<div class=\"wp-block-spacer\" style=\"height: 31px;\" aria-hidden=\"true\">&nbsp;<\/div>\r\n<!-- \/wp:spacer -->\r\n\r\n<!-- wp:paragraph -->\r\n\r\n<strong>PROGRAM WYDARZENIA<\/strong>\r\n\r\n<!-- \/wp:paragraph -->\r\n\r\n<!-- wp:paragraph -->\r\n\r\n17:00 &#8211; Rejestracja uczestnik\u00f3w\r\n17:15 &#8211; Wprowadzenie do projektu Erasmus+ GENDER 101: realizacja i wyniki (Chiara Ferro)\r\n17:30 &#8211; Prezentacja dw\u00f3ch grup fokusowych z rodzicami i nauczycielami, kt\u00f3re odby\u0142y si\u0119 w marcu 2023 r. (Chiara Ferro)\r\n17:50 &#8211; Prezentacja szkolenia &#8222;Train the Trainers&#8221; zorganizowanego w lipcu 2023 r. (Gaetano Magliano)\r\n18:10 &#8211; Wprowadzenie do kursu online dla trener\u00f3w &#8222;Szkolenie w zakresie r\u00f3\u017cnorodno\u015bci p\u0142ci&#8221; (Chiara Ferro); dyskusja z uczestnikami\r\n\r\n18:20 &#8211; Przerwa na kaw\u0119\r\n\r\n18:30 &#8211; Prezentacja kursu mistrzowskiego z rodzicami, kt\u00f3ry odb\u0119dzie si\u0119 we wrze\u015bniu 2023 r. (Annamaria Correale, Fabio Testa)\r\n18:50 &#8211; Prezentacja przewodnika dla trener\u00f3w i narz\u0119dzi cyfrowych dla rodzic\u00f3w i trener\u00f3w (Chiara Ferro)\r\n19:00 &#8211; Ko\u0144cowy etap projektu; pytania i odpowiedzi (Chiara Ferro)\r\n19:10 &#8211; Zako\u0144czenie wydarzenia","protected":false},"excerpt":{"rendered":"<p>R\u00f3\u017cnorodno\u015b\u0107 p\u0142ci? (dla trener\u00f3w i rodzic\u00f3w) &#8211; 19 kwietnia 2024 r., Neapol (W\u0142ochy) &#8211; 17:00-19:00<\/p>\n","protected":false},"author":3,"featured_media":1196,"comment_status":"closed","ping_status":"closed","sticky":false,"template":"","format":"standard","meta":{"pgc_sgb_lightbox_settings":""},"categories":[24],"tags":[],"_links":{"self":[{"href":"https:\/\/www.gender101.eu\/wp-json\/wp\/v2\/posts\/1195"}],"collection":[{"href":"https:\/\/www.gender101.eu\/wp-json\/wp\/v2\/posts"}],"about":[{"href":"https:\/\/www.gender101.eu\/wp-json\/wp\/v2\/types\/post"}],"author":[{"embeddable":true,"href":"https:\/\/www.gender101.eu\/wp-json\/wp\/v2\/users\/3"}],"replies":[{"embeddable":true,"href":"https:\/\/www.gender101.eu\/wp-json\/wp\/v2\/comments?post=1195"}],"version-history":[{"count":8,"href":"https:\/\/www.gender101.eu\/wp-json\/wp\/v2\/posts\/1195\/revisions"}],"predecessor-version":[{"id":1217,"href":"https:\/\/www.gender101.eu\/wp-json\/wp\/v2\/posts\/1195\/revisions\/1217"}],"wp:featuredmedia":[{"embeddable":true,"href":"https:\/\/www.gender101.eu\/wp-json\/wp\/v2\/media\/1196"}],"wp:attachment":[{"href":"https:\/\/www.gender101.eu\/wp-json\/wp\/v2\/media?parent=1195"}],"wp:term":[{"taxonomy":"category","embeddable":true,"href":"https:\/\/www.gender101.eu\/wp-json\/wp\/v2\/categories?post=1195"},{"taxonomy":"post_tag","embeddable":true,"href":"https:\/\/www.gender101.eu\/wp-json\/wp\/v2\/tags?post=1195"}],"curies":[{"name":"wp","href":"https:\/\/api.w.org\/{rel}","templated":true}]}}