{"id":904,"date":"2023-05-31T11:59:00","date_gmt":"2023-05-31T09:59:00","guid":{"rendered":"https:\/\/www.gender101.eu\/en\/?p=904"},"modified":"2023-06-30T19:08:48","modified_gmt":"2023-06-30T17:08:48","slug":"transnational-project-meeting-in-poland","status":"publish","type":"post","link":"https:\/\/www.gender101.eu\/transnational-project-meeting-in-poland\/","title":{"rendered":"Laqg\u0127a tal-pro\u0121ett transnazzjonali fil-Polonja"},"content":{"rendered":"<figure class=\"wp-block-image size-full\"><img decoding=\"async\" loading=\"lazy\" width=\"95\" height=\"147\" class=\"wp-image-391\" src=\"https:\/\/www.gender101.eu\/wp-content\/uploads\/2023\/01\/Ico_Results.png\" alt=\"\" \/><\/figure>\n<p>Fit-23-24 ta&#8217; Mejju 2023 it-tim tal-pro\u0121ett iltaqa&#8217; personalment f\u2019\u0141\u00f3d\u017a (il-Polonja) \u0121ewwal-Wy\u017csza Szko\u0142a Biznesu i Nauk o Zdrowiu.<\/p>\n<p>Matul il-laqg\u0127a, l-imsie\u0127ba kellhom l-opportunit\u00e0 li jaqsmu l-evalwazzjoni tar-ri\u017cultati tal-focus groups imwettqa fil-pajji\u017ci kollha tal-pro\u0121ett. Abba\u017ci tal-anali\u017ci tas-sejbiet, it-tim iddefinixxa l-istruttura tal-programm ta&#8217; ta\u0127ri\u0121 GENDER 101 u l-arran\u0121amenti organizzattivi kollha li wasslu g\u0127all-produzzjoni tat-ta\u0127ri\u0121.<\/p>\n<figure class=\"wp-block-image size-large\"><img decoding=\"async\" loading=\"lazy\" width=\"1024\" height=\"768\" class=\"wp-image-1047\" src=\"https:\/\/www.gender101.eu\/wp-content\/uploads\/2023\/05\/group-photo-Poland-1024x768.jpg\" alt=\"\" srcset=\"https:\/\/www.gender101.eu\/wp-content\/uploads\/2023\/05\/group-photo-Poland-1024x768.jpg 1024w, https:\/\/www.gender101.eu\/wp-content\/uploads\/2023\/05\/group-photo-Poland-300x225.jpg 300w, https:\/\/www.gender101.eu\/wp-content\/uploads\/2023\/05\/group-photo-Poland-768x576.jpg 768w, https:\/\/www.gender101.eu\/wp-content\/uploads\/2023\/05\/group-photo-Poland-1536x1152.jpg 1536w, https:\/\/www.gender101.eu\/wp-content\/uploads\/2023\/05\/group-photo-Poland-2048x1536.jpg 2048w\" sizes=\"(max-width: 1024px) 100vw, 1024px\" \/><\/figure>\n","protected":false},"excerpt":{"rendered":"<p>Fit-23-24 ta&#8217; Mejju 2023 it-tim tal-pro\u0121ett iltaqa&#8217; personalment fi \u0141\u00f3d\u017a (il-Polonja)<\/p>\n","protected":false},"author":3,"featured_media":391,"comment_status":"closed","ping_status":"closed","sticky":false,"template":"","format":"standard","meta":{"pgc_sgb_lightbox_settings":""},"categories":[24],"tags":[],"_links":{"self":[{"href":"https:\/\/www.gender101.eu\/wp-json\/wp\/v2\/posts\/904"}],"collection":[{"href":"https:\/\/www.gender101.eu\/wp-json\/wp\/v2\/posts"}],"about":[{"href":"https:\/\/www.gender101.eu\/wp-json\/wp\/v2\/types\/post"}],"author":[{"embeddable":true,"href":"https:\/\/www.gender101.eu\/wp-json\/wp\/v2\/users\/3"}],"replies":[{"embeddable":true,"href":"https:\/\/www.gender101.eu\/wp-json\/wp\/v2\/comments?post=904"}],"version-history":[{"count":6,"href":"https:\/\/www.gender101.eu\/wp-json\/wp\/v2\/posts\/904\/revisions"}],"predecessor-version":[{"id":1048,"href":"https:\/\/www.gender101.eu\/wp-json\/wp\/v2\/posts\/904\/revisions\/1048"}],"wp:featuredmedia":[{"embeddable":true,"href":"https:\/\/www.gender101.eu\/wp-json\/wp\/v2\/media\/391"}],"wp:attachment":[{"href":"https:\/\/www.gender101.eu\/wp-json\/wp\/v2\/media?parent=904"}],"wp:term":[{"taxonomy":"category","embeddable":true,"href":"https:\/\/www.gender101.eu\/wp-json\/wp\/v2\/categories?post=904"},{"taxonomy":"post_tag","embeddable":true,"href":"https:\/\/www.gender101.eu\/wp-json\/wp\/v2\/tags?post=904"}],"curies":[{"name":"wp","href":"https:\/\/api.w.org\/{rel}","templated":true}]}}