{"id":1302,"date":"2024-04-15T21:16:54","date_gmt":"2024-04-15T19:16:54","guid":{"rendered":"https:\/\/www.gender101.eu\/en\/?p=1302"},"modified":"2024-04-22T09:40:07","modified_gmt":"2024-04-22T07:40:07","slug":"how-can-i-support-a-gender-diverse-child-in-the-classroom","status":"publish","type":"post","link":"https:\/\/www.gender101.eu\/how-can-i-support-a-gender-diverse-child-in-the-classroom\/","title":{"rendered":"Kif nista' nappo\u0121\u0121ja tifel b\u2019\u0121eneri differenti fil-klassi?"},"content":{"rendered":"\r\n<figure class=\"wp-block-image size-large\"><img decoding=\"async\" class=\"wp-image-1415\" src=\"https:\/\/www.gender101.eu\/wp-content\/uploads\/2024\/04\/19-Supporting-Gender-Diverse-Children-in-the-Classroom-1024x683.jpg\" alt=\"\" \/><\/figure>\r\n\r\n\r\n<span style=\"font-weight: 400;\">L-g\u0127alliema li jixtiequ jappo\u0121\u0121jaw studenti b\u2019\u0121eneri differenti fil-klassi jridu jistabbilixxu ambjent ta\u2019 tag\u0127lim inklu\u017civ, edukat u ta\u2019 appo\u0121\u0121. Hawn huma xi strate\u0121iji li g\u0127andek tikkonsidra:<\/span>\r\n\r\n<span style=\"font-weight: 400;\">Tg\u0127allem dwar id-diversit\u00e0 tal-\u0121eneri, inklu\u017c il-vokabularju u pariri ta\u2019 g\u0127ajnuna biex ta\u0127dem ma\u2019 tfal minn sfondi differenti. Ibqa&#8217; a\u0121\u0121ornat dwar l-a\u0127\u0127ar ri\u010berka u strate\u0121iji ta&#8217; istruzzjoni f&#8217;dan il-qasam.<\/span>\r\n\r\n<span style=\"font-weight: 400;\">U\u017ca terminolo\u0121ija li tkun inklu\u017civa meta tag\u0127ti struzzjonijiet. Xi su\u0121\u0121erimenti biex jissostitwixxu &#8220;subien u bniet&#8221; jinkludu &#8220;kul\u0127add&#8221; jew &#8220;studenti.&#8221; Dan jg\u0127in biex jin\u0127oloq ambjent amikevoli g\u0127all-istudenti kollha fil-klassi.<\/span>\r\n\r\n<span style=\"font-weight: 400;\">U\u017ca l-pronomi u l-isem preferut tal-istudent kull meta jkun possibbli. Irridu nag\u0127mlu dan spe\u010bjalment sabiex nirrispettaw l-identitajiet tag\u0127hom. Jekk tag\u0127mel \u017cball, a\u010b\u010betta r-responsabbilt\u00e0 g\u0127aliha minnufih u ipprova ma toqg\u0127odx fuqha wisq.<\/span>\r\n\r\n<span style=\"font-weight: 400;\">O\u0127loq spazju sigur fil-klassi tieg\u0127ek li jonora u japprezza d-diversit\u00e0 fil-manifestazzjonijiet kollha tag\u0127ha. Dan jinkludi appro\u010b\u010b ta&#8217; tolleranza \u017cero g\u0127all-bullying u l-fastidju.<\/span>\r\n\r\n<span style=\"font-weight: 400;\">Meta xieraq, g\u0127amel u\u017cu minn materjali u ri\u017corsi li jirrappre\u017centaw id-diversit\u00e0 tal-\u0121eneri. L-esperjenzi tal-istudenti li jidentifikaw b\u0127ala mhux konformi mal-\u0121eneru jistg\u0127u ji\u0121u vvalidati u appo\u0121\u0121jati b&#8217;dan il-mod.<\/span>\r\n\r\n<span style=\"font-weight: 400;\">Adotta u inforza politiki fil-klassi li jappo\u0121\u0121aw id-drittijiet u l-\u0127ti\u0121ijiet tat-tfal li jidentifikaw b\u0127ala mhux konformi bejn il-\u0121eneri, b\u0127al pere\u017cempju li jippermettulhom ju\u017caw il-kamra tal-banju tal-g\u0127a\u017cla tag\u0127hom.<\/span>\r\n\r\n<span style=\"font-weight: 400;\">\u0126e\u0121\u0121e\u0121 konversazzjonijiet edukati u onesti dwar id-diversit\u00e0 tal-\u0121eneri biex ti\u017cgura li t-tfal kollha j\u0127ossuhom mismug\u0127a u apprezzati. Diskussjonijiet aktar wesg\u0127in dwar l-a\u010b\u010bettazzjoni, id-diversit\u00e0, u l-empatija jistg\u0127u jg\u0127inu ukoll.<\/span>\r\n\r\n<span style=\"font-weight: 400;\">A\u0127dem ma&#8217; konsulenti tal-iskola, amministraturi, u g\u0127alliema o\u0127ra biex ti\u017cgura atmosfera po\u017cittiva u ta&#8217; appo\u0121\u0121 fl-iskola kollha.<\/span>\r\n\r\n<span style=\"font-weight: 400;\">Biex ti\u017cgura li l-appo\u0121\u0121 jestendi lil\u2019hinn mill-klassi, involvi ru\u0127ek mal-\u0121enituri jew dawk li jie\u0127du \u0127sieb lit-tfal fejn xieraq u akkwista l-kunsens tag\u0127hom.<\/span>\r\n\r\n<span style=\"font-weight: 400;\">\u0126e\u0121\u0121e\u0121 id-distrett u l-iskola tieg\u0127ek biex jimplimentaw prattiki u linji gwida li jappo\u0121\u0121jaw studenti li jidentifikaw b\u0127ala \u0121eneru differenti. Dan jinkludi ta\u0127ri\u0121 tal-persunal u politiki inklu\u017civi.<\/span>\r\n\r\n<span style=\"font-weight: 400;\">Ag\u0127ti ri\u017corsi lil \u0121bieb tal-klassi u studenti bi sfondi ta\u2019 \u0121eneru differenti. Jista\u2019 jkun hemm materjal tal-qari, gruppi ta\u2019 appo\u0121\u0121, jew kuntatti g\u0127al ri\u017corsi o\u0127ra pprovduti.<\/span>\r\n\r\n<span style=\"font-weight: 400;\">Attendi&nbsp; u \u0127u \u0127sieb g\u0127ar-rekwi\u017citi emozzjonali u intellettwali ta&#8217; studenti ta&#8217; sessi differenti. Kun ippreparat biex tg\u0127in lill-konsulenti tal-iskola jekk me\u0127tie\u0121, jew toffri rakkomandazzjonijiet.<\/span>\r\n\r\n<span style=\"font-weight: 400;\">Stabbilixxi ambjent fejn it-tfal ikunu m\u0127e\u0121\u0121a jappo\u0121\u0121jaw u juru konsiderazzjoni g\u0127al xulxin, u fejn id-diversit\u00e0 tkun rispettata.<\/span>\r\n\r\n<span style=\"font-weight: 400;\">Ftakar li l-g\u0127an huwa li jin\u0127oloq ambjent fejn it-tfal, irrispettivament mill-identit\u00e0 tal-\u0121eneru, tag\u0127hom i\u0127ossuhom stmati, inklu\u017ci, u s-setg\u0127a li jil\u0127aq il-potenzjal s\u0127i\u0127 tag\u0127hom. Ir-rwol tieg\u0127ek b\u0127ala edukatur huwa kru\u010bjali biex dan isir realt\u00e0.<\/span>","protected":false},"excerpt":{"rendered":"<p>L-g\u0127alliema li jixtiequ jappo\u0121\u0121jaw studenti b\u2019\u0121eneri differenti fil-klassi jridu jistabbilixxu ambjent ta\u2019 tag\u0127lim inklu\u017civ, edukat u ta\u2019 appo\u0121\u0121. Hawn huma xi strate\u0121iji li g\u0127andek tikkonsidra: Tg\u0127allem dwar id-diversit\u00e0 tal-\u0121eneri, inklu\u017c il-vokabularju u pariri ta\u2019 g\u0127ajnuna biex ta\u0127dem ma\u2019 tfal minn sfondi differenti. Ibqa&#8217; a\u0121\u0121ornat dwar l-a\u0127\u0127ar ri\u010berka u strate\u0121iji ta&#8217; istruzzjoni f&#8217;dan il-qasam. U\u017ca terminolo\u0121ija [&hellip;]<\/p>\n","protected":false},"author":3,"featured_media":1415,"comment_status":"closed","ping_status":"closed","sticky":false,"template":"","format":"standard","meta":{"pgc_sgb_lightbox_settings":""},"categories":[24],"tags":[],"_links":{"self":[{"href":"https:\/\/www.gender101.eu\/wp-json\/wp\/v2\/posts\/1302"}],"collection":[{"href":"https:\/\/www.gender101.eu\/wp-json\/wp\/v2\/posts"}],"about":[{"href":"https:\/\/www.gender101.eu\/wp-json\/wp\/v2\/types\/post"}],"author":[{"embeddable":true,"href":"https:\/\/www.gender101.eu\/wp-json\/wp\/v2\/users\/3"}],"replies":[{"embeddable":true,"href":"https:\/\/www.gender101.eu\/wp-json\/wp\/v2\/comments?post=1302"}],"version-history":[{"count":4,"href":"https:\/\/www.gender101.eu\/wp-json\/wp\/v2\/posts\/1302\/revisions"}],"predecessor-version":[{"id":1465,"href":"https:\/\/www.gender101.eu\/wp-json\/wp\/v2\/posts\/1302\/revisions\/1465"}],"wp:featuredmedia":[{"embeddable":true,"href":"https:\/\/www.gender101.eu\/wp-json\/wp\/v2\/media\/1415"}],"wp:attachment":[{"href":"https:\/\/www.gender101.eu\/wp-json\/wp\/v2\/media?parent=1302"}],"wp:term":[{"taxonomy":"category","embeddable":true,"href":"https:\/\/www.gender101.eu\/wp-json\/wp\/v2\/categories?post=1302"},{"taxonomy":"post_tag","embeddable":true,"href":"https:\/\/www.gender101.eu\/wp-json\/wp\/v2\/tags?post=1302"}],"curies":[{"name":"wp","href":"https:\/\/api.w.org\/{rel}","templated":true}]}}