{"id":1296,"date":"2024-04-15T21:14:25","date_gmt":"2024-04-15T19:14:25","guid":{"rendered":"https:\/\/www.gender101.eu\/en\/?p=1296"},"modified":"2024-04-22T09:47:38","modified_gmt":"2024-04-22T07:47:38","slug":"how-is-discrimination-related-to-the-culture-we-live-in-how-not-to-fall-into-the-spectre-of-discrimination-in-certain-situations","status":"publish","type":"post","link":"https:\/\/www.gender101.eu\/how-is-discrimination-related-to-the-culture-we-live-in-how-not-to-fall-into-the-spectre-of-discrimination-in-certain-situations\/","title":{"rendered":"Ir-rabta tad-diskriminazzjoni mal-kultura u l-evitar tag\u0127ha"},"content":{"rendered":"\r\n<figure class=\"wp-block-image size-large\"><img decoding=\"async\" class=\"wp-image-1412\" src=\"https:\/\/www.gender101.eu\/wp-content\/uploads\/2024\/04\/16-Linking-Discrimination-to-Culture-and-Avoiding-It-scaled-e1713769683558-1024x602.jpg\" alt=\"\" \/><\/figure>\r\n\r\nId-diskriminazzjoni g\u0127andha g\u0127eruq sodi fis-so\u010bjet\u00e0 u tista&#8217; tkun ibba\u017cata fuq \u0127afna karatteristi\u010bi differenti. Id-diskriminazzjoni timmanifesta ru\u0127ha fil-\u0127ajja ta\u2019 kuljum, f\u2019per\u010bezzjonijiet individwali tal-kultura u tad-drawwiet, fi strutturi so\u010bjali u ekonomi\u010bi, fl-edukazzjoni u fl-impjiegi, u fl-a\u010b\u010bess g\u0127as-servizzi, l-opportunitajiet, ir-ri\u017corsi u s-suq. Il-pre\u0121udizzji u l-isterjotipi huma marbuta mal-pro\u010bess tal-formazzjoni tal-identit\u00e0 personali u huma relatati mal-identit\u00e0 so\u010bjali li ti\u0121i ffurmata permezz tal-pro\u010bess tas-so\u010bjalizzazzjoni.\r\n\r\nId-diskriminazzjoni sesswali tinvolvi li xi \u0127add ji\u0121i ttrattat b&#8217;mod sfavorevoli min\u0127abba s-sess ta&#8217; dik il-persuna, inklu\u017c l-orjentazzjoni sesswali, l-identit\u00e0 tal-\u0121eneru jew it-tqala tal-persuna.\r\n\r\nIn-natura tal-pre\u0121udizzji u l-isterjotipi hija g\u0127alhekk marbuta mal-mog\u0127dijiet li individwu jie\u0127u matul \u0127ajtu, il-pro\u010bessi tal-funzjonament tal-mo\u0127\u0127, l-istrutturi tal-personalit\u00e0 u l-motivazzjonijiet individwali li jiggwidaw l-azzjonijiet tieg\u0127u jew tag\u0127ha.\r\n\r\nIl-pre\u0121udizzji u l-isterjotipi, minn perspettiva so\u010bjolo\u0121ika, huma marbuta ma\u2019 identit\u00e0 so\u010bjali li ti\u0121i ffurmata matul il-pro\u010bess ta\u2019 so\u010bjalizzazzjoni.\r\n\r\nHuwa importanti li tkun konxju tal-pre\u0121udizzji personali, kif ukoll sitwazzjonijiet jew kuntesti fejn il-pre\u0121udizzju tal-esperjenza jg\u0127in biex inaqqas il-kultura.\r\n\r\nHuwa importanti li niftakru li l-pre\u0121udizzji mhumiex permanenti u jistg\u0127u ji\u0121u ffurmati u mibdula biex jillimitaw l-impatt tag\u0127hom fuq il-\u0127sibijiet u l-im\u0121ieba tag\u0127na. Minbarra l-g\u0127arfien personali, li turi empatija (fehim u taqsam is-sentimenti ta &#8216;xi \u0127add ie\u0127or) u tie\u0127u perspettiva kulturalment relativista huwa mod ie\u0127or kif tnaqqas il-pre\u0121udizzju tal-\u0121eneru. L-isfida u l-korrezzjoni tal-isterjotipi tas-sessi f&#8217;attivitajiet ta&#8217; kuljum huwa mod ie\u0127or kif nistg\u0127u nnaqqsu l-pre\u0121udizzju tal-\u0121eneri b\u0127ala individwi.\r\n\r\nRakkomandazzjonijiet ta&#8217; promozzjoni attiva g\u0127ad-diversit\u00e0 u l-inklussivit\u00e0 fil-post tax-xog\u0127ol u fil-komunit\u00e0 jistg\u0127u jkunu l-implimentazzjoni ta&#8217; pro\u010bessi ta&#8217; rekluta\u0121\u0121 newtrali g\u0127as-sessi kif ukoll il-promozzjoni ta&#8217; kultura ta&#8217; meritokrazija.\r\n\r\nL-ebda diskriminazzjoni bejn is-sessi mhijiex biss manifestazzjoni ta&#8217; dritt fundamentali tal-bniedem, b\u0127all-ugwaljanza, i\u017cda pedament me\u0127tie\u0121 g\u0127al futur pa\u010bifiku, prosperu u sostenibbli. L-eradikazzjoni tal-kwistjonijiet tas-sessi tfisser dinja fejn il-bnedmin kollha jgawdu drittijiet, ri\u017corsi, opportunitajiet u protezzjoni ugwali.","protected":false},"excerpt":{"rendered":"<p>Id-diskriminazzjoni g\u0127andha g\u0127eruq sodi fis-so\u010bjet\u00e0 u tista&#8217; tkun ibba\u017cata fuq \u0127afna karatteristi\u010bi differenti. Id-diskriminazzjoni timmanifesta ru\u0127ha fil-\u0127ajja ta\u2019 kuljum, f\u2019per\u010bezzjonijiet individwali tal-kultura u tad-drawwiet, fi strutturi so\u010bjali u ekonomi\u010bi, fl-edukazzjoni u fl-impjiegi, u fl-a\u010b\u010bess g\u0127as-servizzi, l-opportunitajiet, ir-ri\u017corsi u s-suq. Il-pre\u0121udizzji u l-isterjotipi huma marbuta mal-pro\u010bess tal-formazzjoni tal-identit\u00e0 personali u huma relatati mal-identit\u00e0 so\u010bjali li ti\u0121i [&hellip;]<\/p>\n","protected":false},"author":3,"featured_media":1412,"comment_status":"closed","ping_status":"closed","sticky":false,"template":"","format":"standard","meta":{"pgc_sgb_lightbox_settings":""},"categories":[24],"tags":[],"_links":{"self":[{"href":"https:\/\/www.gender101.eu\/wp-json\/wp\/v2\/posts\/1296"}],"collection":[{"href":"https:\/\/www.gender101.eu\/wp-json\/wp\/v2\/posts"}],"about":[{"href":"https:\/\/www.gender101.eu\/wp-json\/wp\/v2\/types\/post"}],"author":[{"embeddable":true,"href":"https:\/\/www.gender101.eu\/wp-json\/wp\/v2\/users\/3"}],"replies":[{"embeddable":true,"href":"https:\/\/www.gender101.eu\/wp-json\/wp\/v2\/comments?post=1296"}],"version-history":[{"count":7,"href":"https:\/\/www.gender101.eu\/wp-json\/wp\/v2\/posts\/1296\/revisions"}],"predecessor-version":[{"id":1462,"href":"https:\/\/www.gender101.eu\/wp-json\/wp\/v2\/posts\/1296\/revisions\/1462"}],"wp:featuredmedia":[{"embeddable":true,"href":"https:\/\/www.gender101.eu\/wp-json\/wp\/v2\/media\/1412"}],"wp:attachment":[{"href":"https:\/\/www.gender101.eu\/wp-json\/wp\/v2\/media?parent=1296"}],"wp:term":[{"taxonomy":"category","embeddable":true,"href":"https:\/\/www.gender101.eu\/wp-json\/wp\/v2\/categories?post=1296"},{"taxonomy":"post_tag","embeddable":true,"href":"https:\/\/www.gender101.eu\/wp-json\/wp\/v2\/tags?post=1296"}],"curies":[{"name":"wp","href":"https:\/\/api.w.org\/{rel}","templated":true}]}}