{"id":1272,"date":"2024-04-15T20:56:40","date_gmt":"2024-04-15T18:56:40","guid":{"rendered":"https:\/\/www.gender101.eu\/en\/?p=1272"},"modified":"2024-09-12T13:43:37","modified_gmt":"2024-09-12T11:43:37","slug":"can-a-childs-gender-identity-change-over-time","status":"publish","type":"post","link":"https:\/\/www.gender101.eu\/can-a-childs-gender-identity-change-over-time\/","title":{"rendered":"Tista' l-identit\u00e0 tal-\u0121eneru tat-tfal tinbidel ma\u017c-\u017cmien?"},"content":{"rendered":"\r\n<figure class=\"wp-block-image size-large\"><img decoding=\"async\" src=\"https:\/\/www.gender101.eu\/wp-content\/uploads\/2024\/04\/5-Can-Children_s-Gender-Identity-Change-Over-Time-789x1024.jpg\" alt=\"\" class=\"wp-image-1401\"\/><\/figure>\r\n\r\n\r\n<p>Assolutament, il-fehim tat-tfal dwar l-identit\u00e0 tal-\u0121eneru tag\u0127hom jista &#8216;jevolvi ma\u017c-\u017cmien. Dan huwa min\u0127abba n-natura dinamika ta &#8216;l-iskoperta personali, li hija influwenzata minn interazzjoni kumplessa ta&#8217; fatturi, inklu\u017ci:<\/p>\r\n<p><ul>\r\n \t<li>Pro\u010bessi psikolo\u0121i\u010bi interni: Dan jinkludi s-sens intern tat-yfal personali u kif i\u0127ossu b&#8217;relazzjoni mas-sess. Dan is-sentiment intern jista &#8216;jew ma jistax jallinja mas-sess assenjat tag\u0127hom mat-twelid, u jista&#8217; jibqa &#8216;koerenti jew jevolvi ma\u017c-\u017cmien (American Academy of Child and Adolescent Psychiatry, 2023).<\/li>\r\n \t<li>Influwenzi esterni: Id-dinja madwar it-tfal tifforma l-fehim tag\u0127hom tal-\u0121eneru. Dan jinkludi interazzjonijiet mal-familji, s\u0127abhom, il-midja, u s-so\u010bjet\u00e0 kollha kemm hi. Dawn l-influwenzi esterni jistg\u0127u jesponu lit-tfal g\u0127al diversi espressjonijiet ta\u2019 \u0121eneru u jisfidaw in-normi tradizzjonali tas-sessi, li potenzjalment iwasslu g\u0127al evalwazzjoni mill-\u0121did tal-identit\u00e0 tag\u0127hom stess (Russell &amp; Sonnet, 2022).<\/li>\r\n \t<li>\u017bvilupp konjittiv: Hekk kif it-tfal jimmaturaw, ji\u017cviluppaw kapa\u010bit\u00e0 akbar g\u0127al awtoriflessjoni u fehim. Dan jista &#8216;jwassal g\u0127al g\u0127arfien aktar profond tal-identit\u00e0 tal-\u0121eneru tag\u0127hom u potenzjalment evalwazzjoni mill-\u0121did ta&#8217; twemmin jew sentimenti li kellhom qabel (American Psychological Association, 2019).<\/li>\r\n<\/ul><\/p>\r\n\r\n\r\n<p>Huwa importanti li wie\u0127ed jifhem li mhux it-tfal kollha se jesperjenzaw bidliet fl-identit\u00e0 tal-\u0121eneru tag\u0127hom. \u0126afna tfal se jkollhom fehim konsistenti tas-sess tag\u0127hom minn et\u00e0 \u017cg\u0127ira. Madankollu, g\u0127al o\u0127rajn, il-pro\u010bess ta &#8216;l-iskoperta personali jista&#8217; jkun fluwidu u iterattiv. Dan ifisser li l-fehim tag\u0127hom infushom jista\u2019 jevolvi hekk kif jitg\u0127allmu u jikbru (World Professional Association for Transgender Health, 2012).<\/p>\r\n\r\n<em><p>Referenzi:<\/p><\/em>\r\n\r\n<p>American Academy of Child and Adolescent Psychiatry. (2023). Gender Identity and Expression in Children and Adolescents.<a href=\"https:\/\/www.aacap.org\/AACAP\/Member_Resources\/SOGIIC\/SOGIIC.aspx\"> https:\/\/www.aacap.org\/AACAP\/Member_Resources\/SOGIIC\/SOGIIC.aspx<\/a><\/p>\r\n\r\n<p>American Academy of Pediatrics. (2019, October 21). Supporting the emotional and social development of transgender children and youth.<a href=\"https:\/\/www.apa.org\/monitor\/2022\/07\/advocating-transgender-nonbinary-youths\"> https:\/\/www.apa.org\/monitor\/2022\/07\/advocating-transgender-nonbinary-youths<\/a><\/p>\r\n\r\n<p>American Psychological Association. (2019). Sexual Orientation and Gender Identity \u2013 Help for Parents, Educators, and Other Professionals.<a href=\"https:\/\/www.apa.org\/topics\/lgbtq\"> https:\/\/www.apa.org\/topics\/lgbtq<\/a><\/p>\r\n\r\n<p>Russell, S. T., &amp; Sonnet, A. (2022). The Development of Gender Identity in Children. Annual Review of Developmental Psychology, 13(1), 339-364.<a href=\"https:\/\/www.outlookindia.com\/culture-society\/poems-on-gender-and-identity-magazine-342694\"> https:\/\/www.outlookindia.com\/culture-society\/poems-on-gender-and-identity-magazine-342694<\/a><\/p>\r\n","protected":false},"excerpt":{"rendered":"<p>Assolutament, il-fehim tat-tfal dwar l-identit\u00e0 tal-\u0121eneru tag\u0127hom jista &#8216;jevolvi ma\u017c-\u017cmien. Dan huwa min\u0127abba n-natura dinamika ta &#8216;l-iskoperta personali, li hija influwenzata minn interazzjoni kumplessa ta&#8217; fatturi, inklu\u017ci: Pro\u010bessi psikolo\u0121i\u010bi interni: Dan jinkludi s-sens intern tat-yfal personali u kif i\u0127ossu b&#8217;relazzjoni mas-sess. Dan is-sentiment intern jista &#8216;jew ma jistax jallinja mas-sess assenjat tag\u0127hom mat-twelid, u jista&#8217; [&hellip;]<\/p>\n","protected":false},"author":3,"featured_media":1401,"comment_status":"closed","ping_status":"closed","sticky":false,"template":"","format":"standard","meta":{"pgc_sgb_lightbox_settings":""},"categories":[24],"tags":[],"_links":{"self":[{"href":"https:\/\/www.gender101.eu\/wp-json\/wp\/v2\/posts\/1272"}],"collection":[{"href":"https:\/\/www.gender101.eu\/wp-json\/wp\/v2\/posts"}],"about":[{"href":"https:\/\/www.gender101.eu\/wp-json\/wp\/v2\/types\/post"}],"author":[{"embeddable":true,"href":"https:\/\/www.gender101.eu\/wp-json\/wp\/v2\/users\/3"}],"replies":[{"embeddable":true,"href":"https:\/\/www.gender101.eu\/wp-json\/wp\/v2\/comments?post=1272"}],"version-history":[{"count":4,"href":"https:\/\/www.gender101.eu\/wp-json\/wp\/v2\/posts\/1272\/revisions"}],"predecessor-version":[{"id":1831,"href":"https:\/\/www.gender101.eu\/wp-json\/wp\/v2\/posts\/1272\/revisions\/1831"}],"wp:featuredmedia":[{"embeddable":true,"href":"https:\/\/www.gender101.eu\/wp-json\/wp\/v2\/media\/1401"}],"wp:attachment":[{"href":"https:\/\/www.gender101.eu\/wp-json\/wp\/v2\/media?parent=1272"}],"wp:term":[{"taxonomy":"category","embeddable":true,"href":"https:\/\/www.gender101.eu\/wp-json\/wp\/v2\/categories?post=1272"},{"taxonomy":"post_tag","embeddable":true,"href":"https:\/\/www.gender101.eu\/wp-json\/wp\/v2\/tags?post=1272"}],"curies":[{"name":"wp","href":"https:\/\/api.w.org\/{rel}","templated":true}]}}