{"id":1241,"date":"2024-04-02T12:20:38","date_gmt":"2024-04-02T10:20:38","guid":{"rendered":"https:\/\/www.gender101.eu\/copy-save-the-date-diversita-di-genere\/"},"modified":"2024-04-02T12:31:06","modified_gmt":"2024-04-02T10:31:06","slug":"and-what-about-us","status":"publish","type":"post","link":"https:\/\/www.gender101.eu\/and-what-about-us\/","title":{"rendered":"Il-konferenza And What about us?"},"content":{"rendered":"<figure class=\"wp-block-image size-full\"><img decoding=\"async\" loading=\"lazy\" width=\"780\" height=\"780\" class=\"wp-image-1244\" src=\"https:\/\/www.gender101.eu\/wp-content\/uploads\/2024\/04\/Gender-101-Conference-Malta.png\" alt=\"\" srcset=\"https:\/\/www.gender101.eu\/wp-content\/uploads\/2024\/04\/Gender-101-Conference-Malta.png 780w, https:\/\/www.gender101.eu\/wp-content\/uploads\/2024\/04\/Gender-101-Conference-Malta-300x300.png 300w, https:\/\/www.gender101.eu\/wp-content\/uploads\/2024\/04\/Gender-101-Conference-Malta-150x150.png 150w, https:\/\/www.gender101.eu\/wp-content\/uploads\/2024\/04\/Gender-101-Conference-Malta-768x768.png 768w\" sizes=\"(max-width: 780px) 100vw, 780px\" \/><\/figure>\n<p>And What about Us?\u0120enituri u Edukaturi ta\u2019 Tfal b\u2019\u0120eneru Divers&nbsp;14&nbsp;ta\u2019 Mejju 2024 mit-08:45 am sas-01:00 pm fil-Ka\u017cin tal-Banda Peace, in-Naxxar, Malta&nbsp;<\/p>\n<p>Informazzjoni u re\u0121istrazzjoni&nbsp;<\/p>\n<p>&#8220;And What about Us? Parents &amp; Educators of Gender Diverse Children&#8221;&nbsp;hija konferenza li g\u0127andha l-g\u0127an li tapprofondixxi l-fehim tad-diversit\u00e0 tal-\u0121eneru fost it-tfal. Il-konferenza g\u0127andha ukoll l-g\u0127an li trawwem lil dawk li se jattenu b&#8217;g\u0127arfien u ri\u017corsi siewja. Din il-konferenza l-qofol tal-pro\u0121ett Erasmus+ Gender 101, u ser tkun mimlija b&#8217;g\u0127arfien ibba\u017cat fuq l-evidenza, g\u0127odod pratti\u010bi, u ri\u017corsi imprezzabbli.&nbsp;Il-pro\u0121ett&nbsp;Gender 101 Erasmus+&nbsp;kien minn ta\u2019 quddiem fit-trawwim tal-inklussivit\u00e0 u l-fehim f\u2019ambjenti edukattivi. Permezz ta\u2019 din il-konferenza, qeg\u0127din nimmiraw li napprofondixxu l-fehim tieg\u0127ek tad-diversit\u00e0 tal-\u0121eneru u nag\u0127tu l-g\u0127arfien u l-g\u0127oddod biex tkunu tistg\u0127u tappo\u0121\u0121jaw lit-tfal fl-esplorazzjoni tal-identit\u00e0 tal-\u0121eneru tag\u0127hom.&nbsp;<\/p>\n<p>Il-punti ewlenin tal-konferenza jinkludu:&nbsp;<br \/>\n&#8211;&nbsp;&nbsp;&nbsp;&nbsp;&nbsp;&nbsp;&nbsp;&nbsp;&nbsp; Esplorazzjoni fil-fond tad-diversit\u00e0 tal-\u0121eneru fost it-tfal.<br \/>\n&#8211;&nbsp;&nbsp;&nbsp;&nbsp;&nbsp;&nbsp;&nbsp;&nbsp;&nbsp; Intuwizzjonijiet ibba\u017cati fuq l-evidenza dwar l-appo\u0121\u0121 tat-tfal li jinnavigaw l-identit\u00e0 tal-\u0121eneru tag\u0127hom.<br \/>\n&#8211;&nbsp;&nbsp;&nbsp;&nbsp;&nbsp;&nbsp;&nbsp;&nbsp;&nbsp; Vetrina ta\u2019 g\u0127odod u ri\u017corsi di\u0121itali \u017cviluppati permezz tal-pro\u0121ett Erasmus + Gender 101.<br \/>\n&#8211;&nbsp;&nbsp;&nbsp;&nbsp;&nbsp;&nbsp;&nbsp;&nbsp;&nbsp; Organizzazzjonijiet madwar id-dinja ser jaqsmu informazzjoni u gwida siewja.<br \/>\n&#8211;&nbsp;&nbsp;&nbsp;&nbsp;&nbsp;&nbsp;&nbsp;&nbsp;&nbsp; Segment dedikat g\u0127all-Q&amp;A li ji\u017cgura twe\u0121ibiet bir-reqqa g\u0127all-mistoqsijiet kollha.<\/p>\n<pre id=\"tw-target-text\" class=\"tw-data-text tw-text-large tw-ta\" dir=\"ltr\" data-placeholder=\"Translation\" aria-label=\"Translated text\" data-ved=\"2ahUKEwiUgqv25dqFAxUbUKQEHbGPDzIQ3ewLegQIBRAU\">&nbsp;<\/pre>\n","protected":false},"excerpt":{"rendered":"<p>&#8220;And What about Us? Parents &#038; Educators of Gender Diverse Children&#8221;\u00a0conference aims to deepen the understanding of gender diversity among children<\/p>\n","protected":false},"author":3,"featured_media":1245,"comment_status":"closed","ping_status":"closed","sticky":false,"template":"","format":"standard","meta":{"pgc_sgb_lightbox_settings":""},"categories":[24],"tags":[],"_links":{"self":[{"href":"https:\/\/www.gender101.eu\/wp-json\/wp\/v2\/posts\/1241"}],"collection":[{"href":"https:\/\/www.gender101.eu\/wp-json\/wp\/v2\/posts"}],"about":[{"href":"https:\/\/www.gender101.eu\/wp-json\/wp\/v2\/types\/post"}],"author":[{"embeddable":true,"href":"https:\/\/www.gender101.eu\/wp-json\/wp\/v2\/users\/3"}],"replies":[{"embeddable":true,"href":"https:\/\/www.gender101.eu\/wp-json\/wp\/v2\/comments?post=1241"}],"version-history":[{"count":2,"href":"https:\/\/www.gender101.eu\/wp-json\/wp\/v2\/posts\/1241\/revisions"}],"predecessor-version":[{"id":1246,"href":"https:\/\/www.gender101.eu\/wp-json\/wp\/v2\/posts\/1241\/revisions\/1246"}],"wp:featuredmedia":[{"embeddable":true,"href":"https:\/\/www.gender101.eu\/wp-json\/wp\/v2\/media\/1245"}],"wp:attachment":[{"href":"https:\/\/www.gender101.eu\/wp-json\/wp\/v2\/media?parent=1241"}],"wp:term":[{"taxonomy":"category","embeddable":true,"href":"https:\/\/www.gender101.eu\/wp-json\/wp\/v2\/categories?post=1241"},{"taxonomy":"post_tag","embeddable":true,"href":"https:\/\/www.gender101.eu\/wp-json\/wp\/v2\/tags?post=1241"}],"curies":[{"name":"wp","href":"https:\/\/api.w.org\/{rel}","templated":true}]}}