{"id":1288,"date":"2024-04-15T21:09:03","date_gmt":"2024-04-15T19:09:03","guid":{"rendered":"https:\/\/www.gender101.eu\/en\/?p=1288"},"modified":"2024-04-22T09:46:56","modified_gmt":"2024-04-22T07:46:56","slug":"how-should-the-circumstances-be-discussed-with-non-lgbtq-children","status":"publish","type":"post","link":"https:\/\/www.gender101.eu\/how-should-the-circumstances-be-discussed-with-non-lgbtq-children\/","title":{"rendered":"Kaip reik\u0117t\u0173 kalb\u0117ti su ne LGBTQ+ vaikais? "},"content":{"rendered":"\r\n<figure class=\"wp-block-image size-large\"><img decoding=\"async\" class=\"wp-image-1408\" src=\"https:\/\/www.gender101.eu\/wp-content\/uploads\/2024\/04\/12-Discussing-\u200bthese-issues-with-\u200bt\u200bhe-other-Children-1024x683.jpg\" alt=\"\" \/><\/figure>\r\n\r\n\r\n\r\n\r\n<p><em>\u0160iame segmente sukuriamas tvirtas pagrindas supa\u017eindinti jaunus \u017emones su LGBTQ+ ir pabr\u0117\u017eiama \u012fvairov\u0117s ir \u012ftraukties svarba. Nor\u0117dami patobulinti \u0161\u012f segment\u0105, verta apsvarstyti galimyb\u0119 \u012ftraukti rekomendacijas d\u0117l veiklos ir kalbos, tinkamos tikslinei am\u017eiaus grupei ir padedan\u010dios geriau suprasti. Be to, gali b\u016bti naudinga pateikti rekomendacijas, kaip reaguoti \u012f vaik\u0173 klausimus ar pastabas, kurios gali kilti d\u0117l neteisingo ai\u0161kinimo ar \u0161ali\u0161kumo, ir pasi\u016blyti metodus, kaip skatinti konstruktyv\u0173 ir pozityv\u0173 bendravim\u0105.\r\n<\/em><\/p>\r\n\r\n\r\n\r\n\r\n<p>Kalba formuoja tikrov\u0119, o ne tiksliai j\u0105 atspindi. Ji turi tam tikr\u0173 socialini\u0173 pasekmi\u0173 ir n\u0117ra nei skaidri, nei politi\u0161kai nekalta. Svarbu kalb\u0117tis su vaikais apie kalb\u0105, kad i\u0161vengti diskriminacijos ir kartu pagerinti pasaul\u012f.<\/p>\r\n\r\n\r\n\r\n\r\n<p>Lygyb\u0117s kalba, \u012ftraukioji kalba ir integracin\u0117 kalba &#8211; tai terminai, kuriais apib\u016bdinama kalba, kuria siekiama \u012ftraukti visas socialines grupes ir prie\u0161inamasi \u017emoni\u0173 marginalizacijai ar diskriminacijai d\u0117l j\u0173 am\u017eiaus, i\u0161vaizdos, odos spalvos, \u012fsitikinim\u0173, orientacijos ar pom\u0117gi\u0173. Sunkumas, su kuriuo susiduria daugelis \u012fmoni\u0173 ir preki\u0173 \u017eenkl\u0173, yra kurti \u012fvair\u0173 turin\u012f, kuris n\u0117 vieno nepalieka nuo\u0161alyje.<\/p>\r\n\r\n\r\n\r\n\r\n\r\n<p>\u012etraukios kalbos vartojimas yra atsakinga komunikacijos strategija, reikalaujanti, kad su kiekvienu auditorijos nariu elgtum\u0117m\u0117s empati\u0161kai. Si\u0173sdami prane\u0161imus turime atsi\u017evelgti \u012f kontekst\u0105 (aplink\u0105, kurioje gav\u0117jai juos skaitys), adresat\u0173 am\u017ei\u0173, lyt\u012f, profesin\u012f status\u0105, kilm\u0119, orientacij\u0105 ir kitus kintamuosius, kurie gali tur\u0117ti \u012ftakos tam, kaip gerai bus priimtas turinys ar prane\u0161imas. Tai ypa\u010d aktualu, kai kalbama apie svarbius, gin\u010dytinus ar labai jautrius dalykus, nes netinkamai parinkta formuluot\u0117 gali sukelti nemalonius jausmus.<\/p>\r\n\r\n\r\n\r\n\r\n\r\n<p>\u017dod\u017eiai turi did\u017eiul\u0119 reik\u0161m\u0119, o kalba yra dinami\u0161ka ir kintanti. Daugelis veiksni\u0173 priklauso nuo situacijos, o termino kontekstas gali pakeisti jo reik\u0161m\u0119. D\u0117l per ma\u017eo empati\u0161kumo ir d\u0117mesingumo gali kilti nesusipratim\u0173, pakenkti \u012fvaizd\u017eiui ir \u012f\u017eeisti auditorij\u0105. Net jei mes galime ir nesuvokti atskirties, jei prane\u0161imas netinkamas, kita \u0161alis neabejotinai jausis atstumta.<\/p>\r\n\r\n\r\n\r\n\r\n\r\n<p>&#8222;Kreipkim\u0117s \u012f kitus taip, kaip nor\u0117tume, kad jie kreipt\u0173si \u012f mus&#8221; &#8211; taip trumpai galima apibendrinti lygyb\u0117s kalbos vartojim\u0105. Tod\u0117l dirbant didesn\u0117se ar \u012fvairesn\u0117se grup\u0117se \u0161is bendravimo b\u016bdas gali pasirodyti gana veiksmingas. Mes suma\u017einame galimyb\u0119, kad kas nors gali susilaikyti nepasak\u0119s ko nors, kas jam svarbu, darydami \u012ftak\u0105 komandos vidinei kult\u016brai ir parodydami, kad kiekvienas yra laukiamas ir gali laisvai reik\u0161ti savo nuomon\u0119. Kiekvienas i\u0161 m\u016bs\u0173 turi unikal\u0173 po\u017ei\u016br\u012f \u012f pasaul\u012f, teikia pirmenyb\u0119 skirtingoms vertyb\u0117ms ir yra skirtingai imlus naujoms id\u0117joms bei aplinkyb\u0117ms. Svarbu, kad diskutuotume ir dalytum\u0117m\u0117s savo nuomon\u0117mis vieni su kitais.<\/p>\r\n\r\n\r\n\r\n\r\n<p><figure class=\"wp-block-image\"><img decoding=\"async\" src=\"https:\/\/lh7-us.googleusercontent.com\/u1o_fiu-9H2ovCL3izDvggFIC2npzvITO1mys7naMFLSAo8NANqGK0mqIlBnpMooZz-SunEahDr9e2QjfDekD7cy2X_l2RkdOhVSr7avAKjbGSUv802WrJjV0U_e7ZtmgaZ24G_OXTI3_p3l1u7h7w\" alt=\"\" \/><\/figure>\r\n<p>Nuotrauka: <a href=\"https:\/\/helpfulprofessor.com\/inclusive-language-examples\/\">https:\/\/helpfulprofessor.com\/inclusive-language-examples\/<\/a><br \/><\/p>\r\n\r\n\r\n\r\n\r\n<p><figure class=\"wp-block-image\"><img decoding=\"async\" src=\"https:\/\/lh7-us.googleusercontent.com\/w8MYSmM3vpDzXuODy2T5l_cutVZjUpmip7hLarbrKesKPoslfw6p6_mcLikIeXWySYqBghaC859N5GNmLaoxUb82nDLjkwtMQFemUBnwNwO_-7bhJRChbSnvUXg7rrRHiXRiQxY5acATEwmsP2hLiw\" alt=\"\" \/><\/figure>\r\nNuotrauka: <a href=\"https:\/\/knockri.com\/blog\/diversityandinclusion\/inclusive-language\/\">https:\/\/knockri.com\/blog\/diversityandinclusion\/inclusive-language\/<\/a><br \/><\/p>\r\n\r\n\r\n\r\n\r\n\r\n<p>\u017di\u016br\u0117kite vaizdo \u012fra\u0161\u0105 apie \u012ftrauki\u0105 kalb\u0105:<\/p>\r\n\r\n\r\n<ol>\r\n \t<li><a href=\"https:\/\/www.youtube.com\/watch?v=6N_DzBcTxPs\">https:\/\/www.youtube.com\/watch?v=6N_DzBcTxPs&nbsp;<\/a><\/li>\r\n \t<li><a href=\"https:\/\/www.youtube.com\/watch?v=hRiWgx4sHGg&amp;list=PLvpgo-BPWAJA6J0ZaueYclUeqky5qGB7S\">https:\/\/www.youtube.com\/watch?v=hRiWgx4sHGg&amp;list=PLvpgo-BPWAJA6J0ZaueYclUeqky5qGB7S<\/a><\/li><br \/>\r\n<\/ol>\r\n\r\n","protected":false},"excerpt":{"rendered":"<p>\u0160iame segmente sukuriamas tvirtas pagrindas supa\u017eindinti jaunus \u017emones su LGBTQ+ ir pabr\u0117\u017eiama \u012fvairov\u0117s ir \u012ftraukties svarba. Nor\u0117dami patobulinti \u0161\u012f segment\u0105, verta apsvarstyti galimyb\u0119 \u012ftraukti rekomendacijas d\u0117l veiklos ir kalbos, tinkamos tikslinei am\u017eiaus grupei ir padedan\u010dios geriau suprasti. Be to, gali b\u016bti naudinga pateikti rekomendacijas, kaip reaguoti \u012f vaik\u0173 klausimus ar pastabas, kurios gali kilti d\u0117l [&hellip;]<\/p>\n","protected":false},"author":3,"featured_media":1408,"comment_status":"closed","ping_status":"closed","sticky":false,"template":"","format":"standard","meta":{"pgc_sgb_lightbox_settings":""},"categories":[24],"tags":[],"_links":{"self":[{"href":"https:\/\/www.gender101.eu\/wp-json\/wp\/v2\/posts\/1288"}],"collection":[{"href":"https:\/\/www.gender101.eu\/wp-json\/wp\/v2\/posts"}],"about":[{"href":"https:\/\/www.gender101.eu\/wp-json\/wp\/v2\/types\/post"}],"author":[{"embeddable":true,"href":"https:\/\/www.gender101.eu\/wp-json\/wp\/v2\/users\/3"}],"replies":[{"embeddable":true,"href":"https:\/\/www.gender101.eu\/wp-json\/wp\/v2\/comments?post=1288"}],"version-history":[{"count":3,"href":"https:\/\/www.gender101.eu\/wp-json\/wp\/v2\/posts\/1288\/revisions"}],"predecessor-version":[{"id":1460,"href":"https:\/\/www.gender101.eu\/wp-json\/wp\/v2\/posts\/1288\/revisions\/1460"}],"wp:featuredmedia":[{"embeddable":true,"href":"https:\/\/www.gender101.eu\/wp-json\/wp\/v2\/media\/1408"}],"wp:attachment":[{"href":"https:\/\/www.gender101.eu\/wp-json\/wp\/v2\/media?parent=1288"}],"wp:term":[{"taxonomy":"category","embeddable":true,"href":"https:\/\/www.gender101.eu\/wp-json\/wp\/v2\/categories?post=1288"},{"taxonomy":"post_tag","embeddable":true,"href":"https:\/\/www.gender101.eu\/wp-json\/wp\/v2\/tags?post=1288"}],"curies":[{"name":"wp","href":"https:\/\/api.w.org\/{rel}","templated":true}]}}