{"id":1280,"date":"2024-04-15T21:04:22","date_gmt":"2024-04-15T19:04:22","guid":{"rendered":"https:\/\/www.gender101.eu\/en\/?p=1280"},"modified":"2024-04-22T08:58:32","modified_gmt":"2024-04-22T06:58:32","slug":"is-it-a-phase","status":"publish","type":"post","link":"https:\/\/www.gender101.eu\/is-it-a-phase\/","title":{"rendered":"\u00c8 una fase?"},"content":{"rendered":"<figure class=\"wp-block-image size-large\"><img decoding=\"async\" class=\"wp-image-1404\" src=\"https:\/\/www.gender101.eu\/wp-content\/uploads\/2024\/04\/8-Is-it-a-phase-683x1024.jpg\" alt=\"\" \/><\/figure>\r\n<p>Il fatto \u00e8 che il tema della diversit\u00e0 di genere \u00e8 stato affrontato pi\u00f9 apertamente negli ultimi anni, ma \u00e8 certo che esiste da molto pi\u00f9 tempo. Per alcuni bambini si tratta certamente di un orientamento di genere diverso dal sesso, mentre per altri \u00e8 ancora una fase.<\/p>\r\n\r\n<!-- \/wp:paragraph -->\r\n\r\n<!-- wp:paragraph -->\r\n\r\n<p>L&#8217;adolescenza porta con s\u00e9 sfide evolutive tipiche e naturali del processo di crescita e di ricerca della propria identit\u00e0, quindi vi \u00e8 una parte di bambini che trova la propria identit\u00e0 nella diversit\u00e0 di genere, e c&#8217;\u00e8 un numero di bambini che rappresenta davvero una fase di crescita e di ricerca di se stessi.<\/p>\r\n\r\n<!-- \/wp:paragraph -->\r\n\r\n<!-- wp:paragraph -->\r\n\r\n<p>Dato che le informazioni sulla diversit\u00e0 di genere sono disponibili per i nostri bambini, al momento dello sviluppo della loro identit\u00e0, ai bambini viene chiesto pi\u00f9 spesso di che genere sono e di che sessualit\u00e0 sono. \u00c8 anche un dato di fatto che grazie alla sensibilizzazione sulla diversit\u00e0 di genere, alla disponibilit\u00e0 di numerosi contenuti digitali, a vari canali mediatici (video, musica, serie, ecc.) e alla liberalizzazione e apertura di questo argomento, i bambini e gli adolescenti hanno pi\u00f9 informazioni sulla diversit\u00e0 di genere e quindi possono cercare pi\u00f9 spesso la propria identit\u00e0 in questo modo. La conclusione \u00e8 che pu\u00f2 essere o meno una fase della crescita, ma a prescindere da ci\u00f2, in entrambi i casi richiede sostegno e comprensione da parte dei genitori, dei coetanei, della societ\u00e0 e dell&#8217;ambiente in generale, che in molti casi \u00e8 assente. \u00c8 estremamente importante accettare il bambino &#8220;qui e ora&#8221;, dando importanza ai suoi sentimenti e non sminuendo il suo bisogno di appartenenza e di identificazione. \u00c8 essenziale dare al bambino il tempo e lo spazio per esplorare i suoi sentimenti e la sua identit\u00e0 senza pressioni per arrivare a una conclusione definitiva.<\/p>\r\n\r\n<!-- \/wp:paragraph -->\r\n\r\n<!-- wp:paragraph -->\r\n\r\n<p><em>Per saperne di pi\u00f9 su questo argomento, potete leggere i seguenti articoli scientifici:<\/em><\/p>\r\n\r\n<!-- \/wp:paragraph -->\r\n\r\n<p>Huttunen, A., &amp; Kortelainen, T. (2021). Meaning\u2010making on gender: Deeply meaningful information in a significant life change among transgender people. Journal of the Association for Information Science and Technology, 72(7), 799-810.<\/p>\r\n\r\n\r\n\r\n<p>Budge, S. L., Katz-Wise, S. L., Tebbe, E. N., Howard, K. A., Schneider, C. L., &amp; Rodriguez, A. (2013). Transgender emotional and coping processes: Facilitative and avoidant coping throughout gender transitioning. The Counseling Psychologist, 41(4), 601-647.<\/p>","protected":false},"excerpt":{"rendered":"<p>Il fatto \u00e8 che il tema della diversit\u00e0 di genere \u00e8 stato affrontato pi\u00f9 apertamente negli ultimi anni, ma \u00e8 certo che esiste da molto pi\u00f9 tempo. Per alcuni bambini si tratta certamente di un orientamento di genere diverso dal sesso, mentre per altri \u00e8 ancora una fase. L&#8217;adolescenza porta con s\u00e9 sfide evolutive tipiche [&hellip;]<\/p>\n","protected":false},"author":3,"featured_media":1404,"comment_status":"closed","ping_status":"closed","sticky":false,"template":"","format":"standard","meta":{"pgc_sgb_lightbox_settings":""},"categories":[24],"tags":[],"_links":{"self":[{"href":"https:\/\/www.gender101.eu\/wp-json\/wp\/v2\/posts\/1280"}],"collection":[{"href":"https:\/\/www.gender101.eu\/wp-json\/wp\/v2\/posts"}],"about":[{"href":"https:\/\/www.gender101.eu\/wp-json\/wp\/v2\/types\/post"}],"author":[{"embeddable":true,"href":"https:\/\/www.gender101.eu\/wp-json\/wp\/v2\/users\/3"}],"replies":[{"embeddable":true,"href":"https:\/\/www.gender101.eu\/wp-json\/wp\/v2\/comments?post=1280"}],"version-history":[{"count":2,"href":"https:\/\/www.gender101.eu\/wp-json\/wp\/v2\/posts\/1280\/revisions"}],"predecessor-version":[{"id":1435,"href":"https:\/\/www.gender101.eu\/wp-json\/wp\/v2\/posts\/1280\/revisions\/1435"}],"wp:featuredmedia":[{"embeddable":true,"href":"https:\/\/www.gender101.eu\/wp-json\/wp\/v2\/media\/1404"}],"wp:attachment":[{"href":"https:\/\/www.gender101.eu\/wp-json\/wp\/v2\/media?parent=1280"}],"wp:term":[{"taxonomy":"category","embeddable":true,"href":"https:\/\/www.gender101.eu\/wp-json\/wp\/v2\/categories?post=1280"},{"taxonomy":"post_tag","embeddable":true,"href":"https:\/\/www.gender101.eu\/wp-json\/wp\/v2\/tags?post=1280"}],"curies":[{"name":"wp","href":"https:\/\/api.w.org\/{rel}","templated":true}]}}