{"id":1715,"date":"2024-06-24T10:46:49","date_gmt":"2024-06-24T08:46:49","guid":{"rendered":"https:\/\/www.gender101.eu\/copy-gender-101-newsletter-4-4-2024\/"},"modified":"2024-09-25T15:08:56","modified_gmt":"2024-09-25T13:08:56","slug":"gender-101-newsletter-5-7-2024","status":"publish","type":"post","link":"https:\/\/www.gender101.eu\/gender-101-newsletter-5-7-2024\/","title":{"rendered":"GENDER 101 newsletter 5, 7\/2024"},"content":{"rendered":"\r\n\r\n<strong><span class=\"Y2IQFc\" lang=\"hr\">Unutar ovog broja<\/span><\/strong>\r\n<ul>\r\n \t<li><span class=\"Y2IQFc\" lang=\"hr\">Kona\u010dni rezultati projekta <\/span>GENDER 101<\/li>\r\n \t<li><span class=\"Y2IQFc\" lang=\"hr\">Posljednji transnacionalni projektni sastanak na Malti\r\n<\/span><\/li>\r\n \t<li><span class=\"Y2IQFc\" lang=\"hr\">Suradnja s pridru\u017eenim partnerima\r\n<\/span><\/li>\r\n \t<li><span class=\"Y2IQFc\" lang=\"hr\">Sljede\u0107e inicijative\r\n<\/span><\/li>\r\n \t<li><span class=\"Y2IQFc\" lang=\"hr\">Zavr\u0161na me\u0111unarodna konferencija na Malti<\/span><\/li>\r\n<\/ul>\r\n\r\n\r\n\r\n\r\n\r\n\r\n<!-- \/wp:list -->\r\n\r\n<!-- wp:spacer {\"height\":\"12px\"} -->\r\n<p class=\"wp-block-spacer\" style=\"height: 12px;\" aria-hidden=\"true\">&nbsp;<\/p>\r\n<!-- \/wp:spacer -->\r\n\r\n<!-- wp:paragraph -->\r\n\r\n<strong>Pro\u010ditajte GENDER 101 Newsletter 5, 7\/2024<\/strong>\r\n\r\n<!-- \/wp:paragraph -->\r\n\r\n<!-- wp:image {\"id\":1923,\"sizeSlug\":\"large\",\"linkDestination\":\"custom\"} -->\r\n<figure class=\"wp-block-image size-large\"><a href=\"https:\/\/www.gender101.eu\/wp-content\/uploads\/2024\/09\/Newsletter5_HR.pdf\"><img decoding=\"async\" src=\"https:\/\/www.gender101.eu\/wp-content\/uploads\/2024\/09\/Newsletter5_HR-724x1024.png\" alt=\"\" class=\"wp-image-1923\"\/><\/a><\/figure>\r\n<!-- \/wp:image -->","protected":false},"excerpt":{"rendered":"<p>Unutar ovog broja: Kona\u010dni rezultati projekta GENDER 101; Posljednji transnacionalni projektni sastanak na Malti; Suradnja s pridru\u017eenim partnerima; Sljede\u0107e inicijative; Zavr\u0161na me\u0111unarodna konferencija na Malti<\/p>\n","protected":false},"author":3,"featured_media":1711,"comment_status":"closed","ping_status":"closed","sticky":false,"template":"","format":"standard","meta":{"pgc_sgb_lightbox_settings":""},"categories":[24],"tags":[],"_links":{"self":[{"href":"https:\/\/www.gender101.eu\/wp-json\/wp\/v2\/posts\/1715"}],"collection":[{"href":"https:\/\/www.gender101.eu\/wp-json\/wp\/v2\/posts"}],"about":[{"href":"https:\/\/www.gender101.eu\/wp-json\/wp\/v2\/types\/post"}],"author":[{"embeddable":true,"href":"https:\/\/www.gender101.eu\/wp-json\/wp\/v2\/users\/3"}],"replies":[{"embeddable":true,"href":"https:\/\/www.gender101.eu\/wp-json\/wp\/v2\/comments?post=1715"}],"version-history":[{"count":7,"href":"https:\/\/www.gender101.eu\/wp-json\/wp\/v2\/posts\/1715\/revisions"}],"predecessor-version":[{"id":1937,"href":"https:\/\/www.gender101.eu\/wp-json\/wp\/v2\/posts\/1715\/revisions\/1937"}],"wp:featuredmedia":[{"embeddable":true,"href":"https:\/\/www.gender101.eu\/wp-json\/wp\/v2\/media\/1711"}],"wp:attachment":[{"href":"https:\/\/www.gender101.eu\/wp-json\/wp\/v2\/media?parent=1715"}],"wp:term":[{"taxonomy":"category","embeddable":true,"href":"https:\/\/www.gender101.eu\/wp-json\/wp\/v2\/categories?post=1715"},{"taxonomy":"post_tag","embeddable":true,"href":"https:\/\/www.gender101.eu\/wp-json\/wp\/v2\/tags?post=1715"}],"curies":[{"name":"wp","href":"https:\/\/api.w.org\/{rel}","templated":true}]}}