{"id":1296,"date":"2024-04-15T21:14:25","date_gmt":"2024-04-15T19:14:25","guid":{"rendered":"https:\/\/www.gender101.eu\/en\/?p=1296"},"modified":"2024-04-22T09:47:38","modified_gmt":"2024-04-22T07:47:38","slug":"how-is-discrimination-related-to-the-culture-we-live-in-how-not-to-fall-into-the-spectre-of-discrimination-in-certain-situations","status":"publish","type":"post","link":"https:\/\/www.gender101.eu\/how-is-discrimination-related-to-the-culture-we-live-in-how-not-to-fall-into-the-spectre-of-discrimination-in-certain-situations\/","title":{"rendered":"Povezivanje diskriminacije s kulturom i njezino izbjegavanje"},"content":{"rendered":"\r\n<figure class=\"wp-block-image size-large\"><img decoding=\"async\" class=\"wp-image-1412\" src=\"https:\/\/www.gender101.eu\/wp-content\/uploads\/2024\/04\/16-Linking-Discrimination-to-Culture-and-Avoiding-It-scaled-e1713769683558-1024x602.jpg\" alt=\"\" \/><\/figure>\r\n\r\n\r\n\r\n\r\n\r\n\r\n\r\n<p id=\"tw-target-text\" class=\"tw-data-text tw-text-large tw-ta\" dir=\"ltr\" data-placeholder=\"Translation\" aria-label=\"Translated text\" data-ved=\"2ahUKEwimw9XHt8KGAxXaxQIHHUfYCH8Q3ewLegQIBRAU\"><span class=\"Y2IQFc\" lang=\"hr\">Kako je diskriminacija povezana s kulturom u kojoj \u017eivimo?\r\nKako ne pasti u bauk diskriminacije u odre\u0111enim situacijama?<\/span><\/p>\r\nDiskriminacija je duboko ukorijenjena u dru\u0161tvu i mo\u017ee se temeljiti na mnogim razli\u010ditim karakteristikama. O\u010dituje se u svakodnevnom \u017eivotu, u individualnim percepcijama kulture i obi\u010daja, u dru\u0161tvenim i ekonomskim strukturama, u obrazovanju i zapo\u0161ljavanju, te u pristupu uslugama, mogu\u0107nostima, resursima i tr\u017ei\u0161tu.\r\n\r\nPredrasude i stereotipi povezani su s procesom formiranja osobnog identiteta i povezani su s dru\u0161tvenim identitetom koji se formira kroz proces socijalizacije.\r\n\r\nSpolna diskriminacija uklju\u010duje nepovoljno postupanje prema nekome zbog spola te osobe, uklju\u010duju\u0107i seksualnu orijentaciju, rodni identitet ili trudno\u0107u te osobe.\r\n\r\nPriroda predrasuda i stereotipa stoga je povezana s putovima kojima pojedinac ide tijekom \u017eivota, procesima funkcioniranja uma, strukturama li\u010dnosti i individualnim motivacijama koje vode njegovo djelovanje. Predrasude i stereotipi, iz sociolo\u0161ke perspektive, povezani su s dru\u0161tvenim identitetom koji se formira u procesu socijalizacije.\r\n\r\nVa\u017eno je biti svjestan osobnih predrasuda, kao i situacija ili konteksta u kojima iskustvena pristranost poma\u017ee u smanjenju kulturnih.\r\n\r\nVa\u017eno je zapamtiti da predrasude nisu trajne i da se mogu oblikovati i mijenjati kako bi se ograni\u010dio njihov utjecaj na na\u0161e misli i pona\u0161anja. Osim samosvijesti, pokazivanje empatije (razumijevanje i dijeljenje osje\u0107aja nekog drugog) i zauzimanje kulturno relativisti\u010dke perspektive jo\u0161 su jedan na\u010din za smanjenje rodne pristranosti. Osporavanje i ispravljanje rodnih stereotipa u svakodnevnim aktivnostima jo\u0161 je jedan na\u010din na koji mo\u017eemo smanjiti rodnu pristranost kao pojedinci.\r\n\r\nPreporuke za aktivno promicanje raznolikosti i inkluzivnosti na radnom mjestu iu zajednici mogle bi biti provedba rodno neutralnih procesa zapo\u0161ljavanja kao i promicanje kulture meritokracije. Zabrana diskriminacije na temelju spola nije samo manifestacija temeljnog ljudskog prava, kao \u0161to je jednakost, ve\u0107 je nu\u017ean temelj za mirnu, prosperitetnu i odr\u017eivu budu\u0107nost. Iskorijenjivanje rodnih pitanja zna\u010di svijet u kojem sva ljudska bi\u0107a u\u017eivaju jednaka prava, resurse, mogu\u0107nosti i za\u0161titu.\r\n\r\n\r\n\r\n\r\n<pre class=\"wp-block-code\"><code><\/code><\/pre>\r\n","protected":false},"excerpt":{"rendered":"<p>Kako je diskriminacija povezana s kulturom u kojoj \u017eivimo? Kako ne pasti u bauk diskriminacije u odre\u0111enim situacijama? Diskriminacija je duboko ukorijenjena u dru\u0161tvu i mo\u017ee se temeljiti na mnogim razli\u010ditim karakteristikama. O\u010dituje se u svakodnevnom \u017eivotu, u individualnim percepcijama kulture i obi\u010daja, u dru\u0161tvenim i ekonomskim strukturama, u obrazovanju i zapo\u0161ljavanju, te u pristupu [&hellip;]<\/p>\n","protected":false},"author":3,"featured_media":1412,"comment_status":"closed","ping_status":"closed","sticky":false,"template":"","format":"standard","meta":{"pgc_sgb_lightbox_settings":""},"categories":[24],"tags":[],"_links":{"self":[{"href":"https:\/\/www.gender101.eu\/wp-json\/wp\/v2\/posts\/1296"}],"collection":[{"href":"https:\/\/www.gender101.eu\/wp-json\/wp\/v2\/posts"}],"about":[{"href":"https:\/\/www.gender101.eu\/wp-json\/wp\/v2\/types\/post"}],"author":[{"embeddable":true,"href":"https:\/\/www.gender101.eu\/wp-json\/wp\/v2\/users\/3"}],"replies":[{"embeddable":true,"href":"https:\/\/www.gender101.eu\/wp-json\/wp\/v2\/comments?post=1296"}],"version-history":[{"count":7,"href":"https:\/\/www.gender101.eu\/wp-json\/wp\/v2\/posts\/1296\/revisions"}],"predecessor-version":[{"id":1462,"href":"https:\/\/www.gender101.eu\/wp-json\/wp\/v2\/posts\/1296\/revisions\/1462"}],"wp:featuredmedia":[{"embeddable":true,"href":"https:\/\/www.gender101.eu\/wp-json\/wp\/v2\/media\/1412"}],"wp:attachment":[{"href":"https:\/\/www.gender101.eu\/wp-json\/wp\/v2\/media?parent=1296"}],"wp:term":[{"taxonomy":"category","embeddable":true,"href":"https:\/\/www.gender101.eu\/wp-json\/wp\/v2\/categories?post=1296"},{"taxonomy":"post_tag","embeddable":true,"href":"https:\/\/www.gender101.eu\/wp-json\/wp\/v2\/tags?post=1296"}],"curies":[{"name":"wp","href":"https:\/\/api.w.org\/{rel}","templated":true}]}}