{"id":1288,"date":"2024-04-15T21:09:03","date_gmt":"2024-04-15T19:09:03","guid":{"rendered":"https:\/\/www.gender101.eu\/en\/?p=1288"},"modified":"2024-04-22T09:46:56","modified_gmt":"2024-04-22T07:46:56","slug":"how-should-the-circumstances-be-discussed-with-non-lgbtq-children","status":"publish","type":"post","link":"https:\/\/www.gender101.eu\/how-should-the-circumstances-be-discussed-with-non-lgbtq-children\/","title":{"rendered":"Razgovor o tim pitanjima s drugom djecom"},"content":{"rendered":"\r\n<figure class=\"wp-block-image size-large\"><img decoding=\"async\" class=\"wp-image-1408\" src=\"https:\/\/www.gender101.eu\/wp-content\/uploads\/2024\/04\/12-Discussing-\u200bthese-issues-with-\u200bt\u200bhe-other-Children-1024x683.jpg\" alt=\"\" \/><\/figure>\r\n\r\n\r\n\r\n<p id=\"tw-target-text\" class=\"tw-data-text tw-text-large tw-ta\" dir=\"ltr\" data-placeholder=\"Translation\" aria-label=\"Translated text\" data-ved=\"2ahUKEwi2hY6xn8SGAxXLgP0HHRp3CZ4Q3ewLegQIBRAU\"><span class=\"Y2IQFc\" lang=\"hr\"><em>Ovaj segment uspostavlja \u010dvrstu osnovu za upoznavanje mladih osoba s LGBTQ+ i nagla\u0161ava va\u017enost razli\u010ditosti i inkluzivnosti. Kako biste pobolj\u0161ali ovaj segment, razmislite o uklju\u010divanju preporuka u vezi s aktivnostima i jezikom koji su prikladni za ciljnu dobnu skupinu i koji mogu potaknuti razumijevanje. Dodatno, mo\u017ee biti korisno ponuditi smjernice o odgovaranju na upite ili primjedbe djece koje mogu proiza\u0107i iz pogre\u0161nog tuma\u010denja ili pristranosti, predla\u017eu\u0107i metode za poticanje konstruktivnog i pozitivnog diskursa.&nbsp;<\/em><\/span><\/p>\r\nJezik oblikuje stvarnost umjesto da je to\u010dno odra\u017eava. Ima odre\u0111ene dru\u0161tvene reperkusije i nije ni transparentan ni politi\u010dki nevin. Va\u017eno je razgovarati s djecom o govoru kako bismo sprije\u010dili diskriminaciju i time pobolj\u0161ali svijet.\r\n\r\nJezik jednakosti, inkluzivan jezik i inkluzivan jezik pojmovi su koji se koriste za opisivanje jezika koji nastoji uklju\u010diti sve dru\u0161tvene skupine i odupire se marginalizaciji ili diskriminaciji ljudi na temelju njihove dobi, izgleda, boje ko\u017ee, uvjerenja, orijentacije ili preferencija . Pote\u0161ko\u0107a s kojom se mnoge tvrtke i robne marke susre\u0107u je stvaranje raznolikog sadr\u017eaja koji nikoga ne izostavlja.\r\n\r\n\r\n\r\n\r\n<p id=\"tw-target-text\" class=\"tw-data-text tw-text-large tw-ta\" dir=\"ltr\" data-placeholder=\"Translation\" aria-label=\"Translated text\" data-ved=\"2ahUKEwi2hY6xn8SGAxXLgP0HHRp3CZ4Q3ewLegQIBRAU\"><span class=\"Y2IQFc\" lang=\"hr\">Kori\u0161tenje inkluzivnog jezika odgovorna je komunikacijska strategija koja od nas zahtijeva da se prema svakom \u010dlanu publike odnosimo s empatijom. Prilikom slanja poruka moramo uzeti u obzir kontekst (postavku u kojoj \u0107e ih primatelji \u010ditati), dob primatelja, spol, profesionalni status, pozadinu, orijentaciju i druge varijable koje mogu utjecati na to koliko \u0107e sadr\u017eaj ili poruka biti primljeni. To je osobito istinito kada se raspravlja o zna\u010dajnim, spornim ili vrlo osjetljivim temama, jer lo\u0161e odabrani izraz mo\u017ee izazvati osje\u0107aje koji nisu bili namjerni.<\/span><\/p>\r\nRije\u010di imaju veliku mo\u0107, a jezik je stalno dinami\u010dan i mijenja se. Mnogi \u010dimbenici ovise o situaciji, a kontekst pojma mo\u017ee promijeniti njegovo zna\u010denje. Neadekvatna empatija i obzirnost mogu dovesti do nesporazuma, \u0161tete na\u0161em ugledu i uvrede na\u0161oj publici. Iako mo\u017eda nismo ni svjesni isklju\u010denja, ako je poruka neprikladna, druga \u0107e se strana nedvojbeno osje\u0107ati izostavljenom.\r\n\r\n<p>&#8220;Obra\u0107ajmo se drugima onako kako bismo \u017eeljeli da se oni obra\u0107aju nama&#8221; jezgrovit je na\u010din da se sa\u017eme upotreba jezika jednakosti. Posljedi\u010dno, kada se radi u ve\u0107im ili raznolikijim grupama, ovaj na\u010din komunikacije mo\u017ee se pokazati vrlo u\u010dinkovitim. Umanjujemo mogu\u0107nost da se netko suzdr\u017ei re\u0107i ne\u0161to \u0161to mu je zna\u010dajno utje\u010du\u0107i na kulturu unutar tima i pokazuju\u0107i da je svatko dobrodo\u0161ao i slobodan izraziti svoje mi\u0161ljenje. Svatko od nas ima jedinstven pogled na svijet, daje prioritet razli\u010ditim vrijednostima i razli\u010dito je prijem\u010div za nove ideje i okolnosti. Va\u017eno je da jedni s drugima razgovaramo i dijelimo svoje stavove.<\/p>\r\n\r\n\r\n\r\n\r\n<figure class=\"wp-block-image\"><img decoding=\"async\" src=\"https:\/\/lh7-us.googleusercontent.com\/u1o_fiu-9H2ovCL3izDvggFIC2npzvITO1mys7naMFLSAo8NANqGK0mqIlBnpMooZz-SunEahDr9e2QjfDekD7cy2X_l2RkdOhVSr7avAKjbGSUv802WrJjV0U_e7ZtmgaZ24G_OXTI3_p3l1u7h7w\" alt=\"\" \/><\/figure>\r\n\r\n\r\n\r\n\r\n<p>Slika: <a href=\"https:\/\/helpfulprofessor.com\/inclusive-language-examples\/\">https:\/\/helpfulprofessor.com\/inclusive-language-examples\/<\/a><p>\r\n\r\n\r\n\r\n\r\n<figure class=\"wp-block-image\"><img decoding=\"async\" src=\"https:\/\/lh7-us.googleusercontent.com\/w8MYSmM3vpDzXuODy2T5l_cutVZjUpmip7hLarbrKesKPoslfw6p6_mcLikIeXWySYqBghaC859N5GNmLaoxUb82nDLjkwtMQFemUBnwNwO_-7bhJRChbSnvUXg7rrRHiXRiQxY5acATEwmsP2hLiw\" alt=\"\" \/><\/figure>\r\n\r\n\r\n\r\n\r\n<p>Slika: <a href=\"https:\/\/knockri.com\/blog\/diversityandinclusion\/inclusive-language\/\">https:\/\/knockri.com\/blog\/diversityandinclusion\/inclusive-language\/<\/a><\/p>\r\n\r\n\r\n\r\n\r\n\r\n<p>Pogledajte video o inkluzivnom jeziku:<\/p>\r\n\r\n\r\n\r\n\r\n<ol>\r\n<li><a href=\"https:\/\/www.youtube.com\/watch?v=6N_DzBcTxPs\">https:\/\/www.youtube.com\/watch?v=6N_DzBcTxPs<\/a><\/li>\r\n\r\n\r\n\r\n<li><a href=\"https:\/\/www.youtube.com\/watch?v=hRiWgx4sHGg&amp;list=PLvpgo-BPWAJA6J0ZaueYclUeqky5qGB7S\">https:\/\/www.youtube.com\/watch?v=hRiWgx4sHGg&amp;list=PLvpgo-BPWAJA6J0ZaueYclUeqky5qGB7S<\/a><\/li>\r\n<\/ol>\r\n","protected":false},"excerpt":{"rendered":"<p>Ovaj segment uspostavlja \u010dvrstu osnovu za upoznavanje mladih osoba s LGBTQ+ i nagla\u0161ava va\u017enost razli\u010ditosti i inkluzivnosti. Kako biste pobolj\u0161ali ovaj segment, razmislite o uklju\u010divanju preporuka u vezi s aktivnostima i jezikom koji su prikladni za ciljnu dobnu skupinu i koji mogu potaknuti razumijevanje. Dodatno, mo\u017ee biti korisno ponuditi smjernice o odgovaranju na upite ili [&hellip;]<\/p>\n","protected":false},"author":3,"featured_media":1408,"comment_status":"closed","ping_status":"closed","sticky":false,"template":"","format":"standard","meta":{"pgc_sgb_lightbox_settings":""},"categories":[24],"tags":[],"_links":{"self":[{"href":"https:\/\/www.gender101.eu\/wp-json\/wp\/v2\/posts\/1288"}],"collection":[{"href":"https:\/\/www.gender101.eu\/wp-json\/wp\/v2\/posts"}],"about":[{"href":"https:\/\/www.gender101.eu\/wp-json\/wp\/v2\/types\/post"}],"author":[{"embeddable":true,"href":"https:\/\/www.gender101.eu\/wp-json\/wp\/v2\/users\/3"}],"replies":[{"embeddable":true,"href":"https:\/\/www.gender101.eu\/wp-json\/wp\/v2\/comments?post=1288"}],"version-history":[{"count":3,"href":"https:\/\/www.gender101.eu\/wp-json\/wp\/v2\/posts\/1288\/revisions"}],"predecessor-version":[{"id":1460,"href":"https:\/\/www.gender101.eu\/wp-json\/wp\/v2\/posts\/1288\/revisions\/1460"}],"wp:featuredmedia":[{"embeddable":true,"href":"https:\/\/www.gender101.eu\/wp-json\/wp\/v2\/media\/1408"}],"wp:attachment":[{"href":"https:\/\/www.gender101.eu\/wp-json\/wp\/v2\/media?parent=1288"}],"wp:term":[{"taxonomy":"category","embeddable":true,"href":"https:\/\/www.gender101.eu\/wp-json\/wp\/v2\/categories?post=1288"},{"taxonomy":"post_tag","embeddable":true,"href":"https:\/\/www.gender101.eu\/wp-json\/wp\/v2\/tags?post=1288"}],"curies":[{"name":"wp","href":"https:\/\/api.w.org\/{rel}","templated":true}]}}