{"id":1241,"date":"2024-04-02T12:20:38","date_gmt":"2024-04-02T10:20:38","guid":{"rendered":"https:\/\/www.gender101.eu\/copy-save-the-date-diversita-di-genere\/"},"modified":"2024-04-02T12:31:06","modified_gmt":"2024-04-02T10:31:06","slug":"and-what-about-us","status":"publish","type":"post","link":"https:\/\/www.gender101.eu\/and-what-about-us\/","title":{"rendered":"A \u0161to je s nama?"},"content":{"rendered":"\r\n<div class=\"wp-block-spacer\" style=\"height: 23px;\" aria-hidden=\"true\">&nbsp;<\/div>\r\n\r\n\r\n\r\n<figure class=\"wp-block-image size-full\"><img decoding=\"async\" loading=\"lazy\" width=\"780\" height=\"780\" class=\"wp-image-1244\" src=\"https:\/\/www.gender101.eu\/wp-content\/uploads\/2024\/04\/Gender-101-Conference-Malta.png\" alt=\"\" srcset=\"https:\/\/www.gender101.eu\/wp-content\/uploads\/2024\/04\/Gender-101-Conference-Malta.png 780w, https:\/\/www.gender101.eu\/wp-content\/uploads\/2024\/04\/Gender-101-Conference-Malta-300x300.png 300w, https:\/\/www.gender101.eu\/wp-content\/uploads\/2024\/04\/Gender-101-Conference-Malta-150x150.png 150w, https:\/\/www.gender101.eu\/wp-content\/uploads\/2024\/04\/Gender-101-Conference-Malta-768x768.png 768w\" sizes=\"(max-width: 780px) 100vw, 780px\" \/><\/figure>\r\n\r\n\r\n\r\n<div class=\"wp-block-spacer\" style=\"height: 27px;\" aria-hidden=\"true\">&nbsp;<\/div>\r\n\r\n\r\n\r\n<h1>A \u0161to je s nama?<\/h1>\r\n\r\n\r\n\r\n<h2><strong>Roditelji i odgojitelji spolno razli\u010dite djece<\/strong><\/h2>\r\n\r\n\r\n\r\n<h2>14 svibnja 2024 od 08:45 do 01:00 u Peace Band Club, Naxxar, Malta<\/h2>\r\n\r\n\r\n\r\n\r\n\r\n\r\n\r\n\r\n<a href=\"https:\/\/willingness.com.mt\/and-what-about-us\/?fbclid=IwAR3z9mCQ5E3WDZg9DGhQUnz6ETByLZS0e0wtO39Nd1q2gpxPuwc3_cBkYPs_aem_Aeq7RB74NS4ePWj75WoQRdqafq6pSiNytZ_XlmMXG-pyhk-IhD9ioPVP-8RNUGt8qhD8d7TqunTUdNDVj6arycbQ\"><strong>Informacije i&nbsp; registracija<\/strong><\/a>\r\n\r\n\r\n\r\n\r\n<div class=\"wp-block-spacer\" style=\"height: 6px;\" aria-hidden=\"true\">&nbsp;<\/div>\r\n\r\n\r\n\r\n<p id=\"tw-target-text\" class=\"tw-data-text tw-text-large tw-ta\" dir=\"ltr\" data-placeholder=\"Translation\" aria-label=\"Translated text\" data-ved=\"2ahUKEwimw9XHt8KGAxXaxQIHHUfYCH8Q3ewLegQIBRAU\"><span class=\"Y2IQFc\" lang=\"hr\"><strong>&#8220;A \u0161to je s nama? Roditelji i odgajatelji spolno razli\u010dite djece&#8221;<\/strong>&nbsp;konferencija ima za cilj produbiti razumijevanje rodne raznolikosti me\u0111u djecom. Kao i opremiti polaznike vrijednim uvidima i resursima. Odr\u017ean kao kulminacija projekta Gender 101 Erasmus+, ovaj \u0107e doga\u0111aj biti ispunjen uvidima utemeljenim na dokazima, prakti\u010dnim alatima i neprocjenjivim resursima.<\/span><\/p>\r\n\r\n\r\n\r\n\r\n<a href=\"https:\/\/www.gender101.eu\/en\/\" target=\"_blank\" rel=\"noreferrer noopener\">Gender 101 Erasmus+ project <\/a><span class=\"Y2IQFc\" lang=\"hr\">bio je na \u010delu poticanja inkluzivnosti i razumijevanja u obrazovnim okru\u017eenjima. Putem ove konferencije, cilj nam je produbiti va\u0161e razumijevanje rodne raznolikosti me\u0111u <\/span><a href=\"https:\/\/willingness.com.mt\/how-should-i-talk-to-my-kids-about-gender\/\" target=\"_blank\" rel=\"noreferrer noopener\">djecom. <\/a><span class=\"Y2IQFc\" lang=\"hr\">Tako\u0111er vas oprema znanjem i alatima za podr\u0161ku djeci u istra\u017eivanju svog rodnog identiteta.<\/span>\r\n\r\n\r\n\r\n\r\n<p id=\"tw-target-text\" class=\"tw-data-text tw-text-large tw-ta\" dir=\"ltr\" data-placeholder=\"Translation\" aria-label=\"Translated text\" data-ved=\"2ahUKEwimw9XHt8KGAxXaxQIHHUfYCH8Q3ewLegQIBRAU\"><span class=\"Y2IQFc\" lang=\"hr\">Klju\u010dni naglasci konferencije uklju\u010duju<\/span>:<\/p>\r\n\r\n\r\n\r\n<ol>\r\n \t<li style=\"list-style-type: none;\">\r\n<ol>\r\n \t<li>\r\n<p id=\"tw-target-text\" class=\"tw-data-text tw-text-large tw-ta\" dir=\"ltr\" data-placeholder=\"Translation\" aria-label=\"Translated text\" data-ved=\"2ahUKEwimw9XHt8KGAxXaxQIHHUfYCH8Q3ewLegQIBRAU\"><span class=\"Y2IQFc\" lang=\"hr\">Duboko istra\u017eivanje rodne raznolikosti me\u0111u djecom.<\/span><\/p>\r\nUvidi utemeljeni na dokazima u pru\u017eanju podr\u0161ke djeci u upravljanju svojim rodnim identitetom.\r\n\r\nPrikaz digitalnih alata i resursa razvijenih kroz projekt Gender 101 Erasmus +.\r\n\r\nSvjetske organizacije dijele vrijedne informacije i smjernice.\r\n\r\nNamjenski segment pitanja i odgovora koji osigurava detaljne odgovore na sve upite.<\/li>\r\n<\/ol>\r\n<\/li>\r\n<\/ol>\r\n\r\n\r\n","protected":false},"excerpt":{"rendered":"<p>Konferencija &#8220;A \u0161to je s nama? Roditelji i odgojitelji spolno razli\u010dite djece&#8221; ima za cilj produbiti razumijevanje rodne raznolikosti me\u0111u djecom<\/p>\n","protected":false},"author":3,"featured_media":1245,"comment_status":"closed","ping_status":"closed","sticky":false,"template":"","format":"standard","meta":{"pgc_sgb_lightbox_settings":""},"categories":[24],"tags":[],"_links":{"self":[{"href":"https:\/\/www.gender101.eu\/wp-json\/wp\/v2\/posts\/1241"}],"collection":[{"href":"https:\/\/www.gender101.eu\/wp-json\/wp\/v2\/posts"}],"about":[{"href":"https:\/\/www.gender101.eu\/wp-json\/wp\/v2\/types\/post"}],"author":[{"embeddable":true,"href":"https:\/\/www.gender101.eu\/wp-json\/wp\/v2\/users\/3"}],"replies":[{"embeddable":true,"href":"https:\/\/www.gender101.eu\/wp-json\/wp\/v2\/comments?post=1241"}],"version-history":[{"count":2,"href":"https:\/\/www.gender101.eu\/wp-json\/wp\/v2\/posts\/1241\/revisions"}],"predecessor-version":[{"id":1246,"href":"https:\/\/www.gender101.eu\/wp-json\/wp\/v2\/posts\/1241\/revisions\/1246"}],"wp:featuredmedia":[{"embeddable":true,"href":"https:\/\/www.gender101.eu\/wp-json\/wp\/v2\/media\/1245"}],"wp:attachment":[{"href":"https:\/\/www.gender101.eu\/wp-json\/wp\/v2\/media?parent=1241"}],"wp:term":[{"taxonomy":"category","embeddable":true,"href":"https:\/\/www.gender101.eu\/wp-json\/wp\/v2\/categories?post=1241"},{"taxonomy":"post_tag","embeddable":true,"href":"https:\/\/www.gender101.eu\/wp-json\/wp\/v2\/tags?post=1241"}],"curies":[{"name":"wp","href":"https:\/\/api.w.org\/{rel}","templated":true}]}}